{"id":40550,"date":"2026-04-22T19:17:08","date_gmt":"2026-04-22T17:17:08","guid":{"rendered":"https:\/\/medjugorje-news.com\/?p=40550"},"modified":"2026-04-22T19:30:04","modified_gmt":"2026-04-22T17:30:04","slug":"poljsku-potreslo-samoubojstvo-14-godisnjaka-poruka-s-ispracaja-dirnula-je-mnostvo-i-otvorila-vazno-pitanje-vrsnjackog-nasilja","status":"publish","type":"post","link":"https:\/\/medjugorje-news.com\/en\/poljsku-potreslo-samoubojstvo-14-godisnjaka-poruka-s-ispracaja-dirnula-je-mnostvo-i-otvorila-vazno-pitanje-vrsnjackog-nasilja\/","title":{"rendered":"Poljsku potreslo samoubojstvo 14-godi\u0161njaka &#8211; Poruka s ispra\u0107aja dirnula je mno\u0161tvo i otvorila va\u017eno pitanje vr\u0161nja\u010dkog nasilja"},"content":{"rendered":"<p><strong>Poljsku ovih dana potresa velika tragedija koja je duboko dirnula javnost i ponovno otvorila bolno pitanje vr\u0161nja\u010dkog nasilja me\u0111u djecom i mladima. Posebno sna\u017ean odjek izazvale su rije\u010di pro\u010ditane na ispra\u0107aju 14-godi\u0161njeg dje\u010daka Mateja, \u010dija je smrt potaknula mnoge na razmi\u0161ljanje o tihoj patnji kroz koju prolaze brojna djeca.<\/strong><\/p>\n\n\n\n<p>Poruka koja je pro\u010ditana u prvom licu na njegovu sprovodu ostavila je sna\u017ean dojam na okupljene. U njoj je, kroz dirljive rije\u010di, progovoreno o samo\u0107i, boli, neshva\u0107enosti i dubokoj \u017eelji da barem nakon tragedije zajednica postane osjetljivija, pa\u017eljivija i spremnija pomo\u0107i onima koji pate u ti\u0161ini.<\/p>\n\n\n\n<p>Matej je, prema rije\u010dima svojih bli\u017enjih, bio dobar u\u010denik, pristojan dje\u010dak i veliki zaljubljenik u nogomet. Imao je snove, planove i \u017eelje poput mnogih svojih vr\u0161njaka. Ipak, iza svakodnevice koju mnogi mo\u017eda nisu primje\u0107ivali, skrivala se te\u0161ka nutarnja borba. Njegova pri\u010da danas sna\u017eno odjekuje jer podsje\u0107a koliko rane izre\u010dene rije\u010di, odbacivanje, poni\u017eenje i nasilje mogu ostaviti duboke posljedice.<\/p>\n\n\n\n<p>Posebno potresno u svemu jest \u010dinjenica da mnoga djeca ne govore otvoreno o onome \u0161to pro\u017eivljavaju. Neka \u0161ute jer se boje, neka ne \u017eele dodatno zabrinuti roditelje, a neka vjeruju da \u0107e sama nekako izdr\u017eati. Upravo zato ova tragedija postaje ozbiljan poziv roditeljima, u\u010diteljima, odgojiteljima i cijelom dru\u0161tvu da vi\u0161e slu\u0161aju, vi\u0161e promatraju i reagiraju na vrijeme.<\/p>\n\n\n\n<p>Vr\u0161nja\u010dko nasilje nije \u201cdje\u010dja stvar\u201d koja \u0107e sama od sebe pro\u0107i. Ono mo\u017ee ostaviti duboke rane na srcu i du\u0161i mladog \u010dovjeka. Zato je va\u017eno stvarati ozra\u010dje povjerenja u kojem \u0107e dijete znati da nije samo, da ima kome re\u0107i \u0161to ga mu\u010di i da \u0107e nai\u0107i na razumijevanje, za\u0161titu i pomo\u0107.<\/p>\n\n\n\n<p>Ova potresna pri\u010da iz Poljske zato nadilazi granice jedne zemlje. Ona postaje opomena svima nama. Koliko puta mo\u017eda nismo primijetili ne\u010diju \u0161utnju? Koliko puta nismo shvatili da se iza osmijeha skriva bol? Koliko puta smo pomislili da \u0107e netko drugi reagirati?<\/p>\n\n\n\n<p>U vremenu kada su djeca i mladi sve vi\u0161e izlo\u017eeni pritiscima, ismijavanju i osamljenosti, potrebno je vi\u0161e nego ikada graditi kulturu blizine, pa\u017enje i odgovornosti. Jedna rije\u010d podr\u0161ke, jedan razgovor, jedna iskrena briga mogu nekome zna\u010diti vi\u0161e nego \u0161to slutimo.<\/p>\n\n\n\n<p>Matejeva pri\u010da zato ostaje bolan, ali va\u017ean podsjetnik: nitko ne bi smio patiti sam. Neka ova tragedija bude poticaj svima nama da vi\u0161e pazimo jedni na druge, osobito na djecu i mlade koji svoju bol \u010desto nose u ti\u0161ini.<\/p>\n\n\n\n<p>Po\u010divao u miru Bo\u017ejem.<\/p>\n\n\n\n<p>Njegovi prijatelji pripremili su pismo koje je u prvom licu pro\u010ditano ju\u010der na njegovom sprovodu.<\/p>\n\n\n\n<p><strong><em>PORUKA<\/em><\/strong><\/p>\n\n\n\n<p><em>\u201eVidim da vas je jako puno. Vidim va\u0161e suze koje teku niz obraze. Bol koja je u vama i tuga koja vas obuzima. Mnogo vas je, ali danas ste zajedno, s tim suzama, a ja sam bio sam.<\/em><\/p>\n\n\n\n<p><em>Sam sam patio. Podnosio sam bol koju su mi nanosili tako dugo. Podnosio sam mr\u017enju koja se sru\u010dila na mene, ne znam za\u0161to. Ta poni\u017eenja, vrije\u0111anja i premla\u0107ivanja. Pa ja sam bio isti kao i vi.<\/em><\/p>\n\n\n\n<p><em>Dobro sam u\u010dio. Bio sam pristojan. Imao sam snove. Htio sam biti nogometa\u0161. Igrati u nekom dobrom klubu. Biti poznat u cijeloj Poljskoj. Nisam glasno vikao kao na utakmicama. Nisam se nikome \u017ealio da mi je lo\u0161e \u2014 sve sam nosio sam.<\/em><\/p>\n\n\n\n<p><em>Poku\u0161avao sam si sam pomo\u0107i. Nisam brinuo roditelje. Ni\u0161ta im nisam govorio, a svaki su me dan pitali mu\u010di li me netko, kako je u \u0161koli. Mislio sam da \u0107u se sna\u0107i, ali na\u017ealost i najtvr\u0111e stijene jednom puknu i raspadnu se na milijun komadi\u0107a. Nasilje se ne doga\u0111a samo na \u0161kolskom hodniku, iako sam ga i tamo ponekad do\u017eivio, nego u kupaonici, u svla\u010dionici. Tamo nema kamera ni u\u010ditelja. Trebala mi je pomo\u0107, ali je, na\u017ealost, nisam dobio ni od koga. U \u0161koli sam se sigurno osje\u0107ao samo na nastavi. A kad bi zazvonilo zvono, ve\u0107 sam se bojao \u0161to \u0107e me do\u010dekati na odmoru.<\/em><\/p>\n\n\n\n<p><em>Nadam se da \u0107e moj kratki \u017eivot i moja tragi\u010dna smrt promijeniti zajednicu na bolje. U \u010detvrtak ujutro tako\u0111er je bilo sun\u010dano. Iza\u0161ao sam iz ku\u0107e, uzeo bicikl i krenuo, a Bog mi je rekao: \u2018Matej, do\u0111i k meni, jer si na ovoj zemlji previ\u0161e trpio i iskusio boli. Pozivam te u mom\u010dad Neba. Treba mi dobar brani\u010d.\u2019<\/em><\/p>\n\n\n\n<p><em>Sada \u0107u igrati u mom\u010dadi Neba i oti\u0161ao sam na najdu\u017ee gostovanje u \u017eivotu.<\/em><\/p>\n\n\n\n<p><em>Opra\u0161tam se od svoje mame, koja je najbolja na svijetu. Volim te, mama, ti si provodila sa mnom puno vremena. Nikada nisi govorila da si umorna. Vozila si me na treninge, na utakmice. Govorila si mi koliko si ponosna na mene, koliko me voli\u0161. Grlila si me, zvala. Opra\u0161tam se od svog tate, s kojim sam uvijek gledao utakmice, kvizove, igrali smo nogomet i lijepo provodili vrijeme. Opra\u0161tam se od svog brata Huberta. Dijelili smo sobu. Igrali smo na konzoli, gledali utakmice na\u0161ih omiljenih klubova: Reala, Barcelone i Lechije Gda\u0144sk. Huberte, dragi brate, uvijek \u0107u biti uz tebe. Opra\u0161tam se od svoje sestre Pauline. Volim vas sve.\u201d<\/em><\/p>\n\n\n\n<p><em>Matej, 14 godina<\/em><\/p>\n\n\n\n<iframe loading=\"lazy\" src=\"https:\/\/www.facebook.com\/plugins\/post.php?href=https%3A%2F%2Fwww.facebook.com%2Fstjepanivanhorvat%2Fposts%2Fpfbid0NFyP1cmSNHGV4cSFh6vY6Wzmefafh3uag5NtfTcHKGVWkqZbAHVs6sNPZTomPJdwl&#038;show_text=true&#038;width=500\" width=\"500\" height=\"250\" style=\"border:none;overflow:hidden\" scrolling=\"no\" frameborder=\"0\" allowfullscreen=\"true\" allow=\"autoplay; clipboard-write; encrypted-media; picture-in-picture; web-share\"><\/iframe>\n\n\n\n<p><a href=\"https:\/\/medjugorje-news.com\/en\/\">www.medjugorje-news.com<\/a><\/p>","protected":false},"excerpt":{"rendered":"<p>Poljsku ovih dana potresa velika tragedija koja je duboko dirnula javnost i ponovno otvorila bolno pitanje vr\u0161nja\u010dkog nasilja me\u0111u djecom i mladima. Posebno sna\u017ean odjek izazvale su rije\u010di pro\u010ditane na ispra\u0107aju 14-godi\u0161njeg dje\u010daka Mateja, \u010dija je smrt potaknula mnoge na razmi\u0161ljanje o tihoj patnji kroz koju prolaze brojna djeca. Poruka koja je pro\u010ditana u prvom &hellip;<\/p>","protected":false},"author":1,"featured_media":40551,"comment_status":"open","ping_status":"open","sticky":false,"template":"","format":"standard","meta":{"footnotes":""},"categories":[18302,76,2],"tags":[23983,21285,23982,23987,23984,23981,23985,23986,23980,20828],"class_list":["post-40550","post","type-post","status-publish","format-standard","has-post-thumbnail","hentry","category-europa","category-obitelj","category-vijesti","tag-apel-drustvu","tag-briga-za-mlade","tag-nasilje-medu-djecom","tag-poljska-vijesti","tag-pomoc-mladima","tag-poruka-roditeljima","tag-skolski-problemi","tag-tragedija-djecaka","tag-vrsnjacko-nasilje-u-skoli","tag-zastita-djece"],"yoast_head":"<!-- This site is optimized with the Yoast SEO plugin v27.4 - https:\/\/yoast.com\/product\/yoast-seo-wordpress\/ -->\n<title>Poljsku potreslo samoubojstvo 14-godi\u0161njaka - Poruka s ispra\u0107aja dirnula je mno\u0161tvo i otvorila va\u017eno pitanje vr\u0161nja\u010dkog nasilja<\/title>\n<meta name=\"description\" content=\"Tragi\u010dna smrt 14-godi\u0161njeg dje\u010daka u Poljskoj otvorila je bolno pitanje vr\u0161nja\u010dkog nasilja i pravovremene pomo\u0107i djeci. Poruka pro\u010ditana na..\" \/>\n<meta name=\"robots\" content=\"index, follow, max-snippet:-1, max-image-preview:large, max-video-preview:-1\" \/>\n<link rel=\"canonical\" href=\"https:\/\/medjugorje-news.com\/en\/poljsku-potreslo-samoubojstvo-14-godisnjaka-poruka-s-ispracaja-dirnula-je-mnostvo-i-otvorila-vazno-pitanje-vrsnjackog-nasilja\/\" \/>\n<meta property=\"og:locale\" content=\"en_US\" \/>\n<meta property=\"og:type\" content=\"article\" \/>\n<meta property=\"og:title\" content=\"Poljsku potreslo samoubojstvo 14-godi\u0161njaka - Poruka s ispra\u0107aja dirnula je mno\u0161tvo i otvorila va\u017eno pitanje vr\u0161nja\u010dkog nasilja\" \/>\n<meta property=\"og:description\" content=\"Tragi\u010dna smrt 14-godi\u0161njeg dje\u010daka u Poljskoj otvorila je bolno pitanje vr\u0161nja\u010dkog nasilja i pravovremene pomo\u0107i djeci. Poruka pro\u010ditana na..\" \/>\n<meta property=\"og:url\" content=\"https:\/\/medjugorje-news.com\/en\/poljsku-potreslo-samoubojstvo-14-godisnjaka-poruka-s-ispracaja-dirnula-je-mnostvo-i-otvorila-vazno-pitanje-vrsnjackog-nasilja\/\" \/>\n<meta property=\"og:site_name\" content=\"Medjugorje News\" \/>\n<meta property=\"article:publisher\" content=\"https:\/\/www.facebook.com\/medjugorjevijesti\" \/>\n<meta property=\"article:published_time\" content=\"2026-04-22T17:17:08+00:00\" \/>\n<meta property=\"article:modified_time\" content=\"2026-04-22T17:30:04+00:00\" \/>\n<meta property=\"og:image\" content=\"https:\/\/medjugorje-news.com\/wp-content\/uploads\/2026\/04\/love.jpg\" \/>\n\t<meta property=\"og:image:width\" content=\"1920\" \/>\n\t<meta property=\"og:image:height\" content=\"1080\" \/>\n\t<meta property=\"og:image:type\" content=\"image\/jpeg\" \/>\n<meta name=\"author\" content=\"Medjugorje News\" \/>\n<meta name=\"twitter:card\" content=\"summary_large_image\" \/>\n<meta name=\"twitter:label1\" content=\"Written by\" \/>\n\t<meta name=\"twitter:data1\" content=\"Medjugorje News\" \/>\n\t<meta name=\"twitter:label2\" content=\"Est. reading time\" \/>\n\t<meta name=\"twitter:data2\" content=\"4 minutes\" \/>\n<script type=\"application\/ld+json\" class=\"yoast-schema-graph\">{\"@context\":\"https:\\\/\\\/schema.org\",\"@graph\":[{\"@type\":\"Article\",\"@id\":\"https:\\\/\\\/medjugorje-news.com\\\/poljsku-potreslo-samoubojstvo-14-godisnjaka-poruka-s-ispracaja-dirnula-je-mnostvo-i-otvorila-vazno-pitanje-vrsnjackog-nasilja\\\/#article\",\"isPartOf\":{\"@id\":\"https:\\\/\\\/medjugorje-news.com\\\/poljsku-potreslo-samoubojstvo-14-godisnjaka-poruka-s-ispracaja-dirnula-je-mnostvo-i-otvorila-vazno-pitanje-vrsnjackog-nasilja\\\/\"},\"author\":{\"name\":\"Medjugorje News\",\"@id\":\"https:\\\/\\\/medjugorje-news.com\\\/#\\\/schema\\\/person\\\/ccbe73f4509f0de208fd9d31b1941e7b\"},\"headline\":\"Poljsku potreslo samoubojstvo 14-godi\u0161njaka &#8211; Poruka s ispra\u0107aja dirnula je mno\u0161tvo i otvorila va\u017eno pitanje vr\u0161nja\u010dkog nasilja\",\"datePublished\":\"2026-04-22T17:17:08+00:00\",\"dateModified\":\"2026-04-22T17:30:04+00:00\",\"mainEntityOfPage\":{\"@id\":\"https:\\\/\\\/medjugorje-news.com\\\/poljsku-potreslo-samoubojstvo-14-godisnjaka-poruka-s-ispracaja-dirnula-je-mnostvo-i-otvorila-vazno-pitanje-vrsnjackog-nasilja\\\/\"},\"wordCount\":940,\"commentCount\":0,\"publisher\":{\"@id\":\"https:\\\/\\\/medjugorje-news.com\\\/#organization\"},\"image\":{\"@id\":\"https:\\\/\\\/medjugorje-news.com\\\/poljsku-potreslo-samoubojstvo-14-godisnjaka-poruka-s-ispracaja-dirnula-je-mnostvo-i-otvorila-vazno-pitanje-vrsnjackog-nasilja\\\/#primaryimage\"},\"thumbnailUrl\":\"https:\\\/\\\/medjugorje-news.com\\\/wp-content\\\/uploads\\\/2026\\\/04\\\/love.jpg\",\"keywords\":[\"apel dru\u0161tvu\",\"briga za mlade\",\"nasilje me\u0111u djecom\",\"Poljska vijesti\",\"pomo\u0107 mladima\",\"poruka roditeljima\",\"\u0161kolski problemi\",\"tragedija dje\u010daka\",\"vr\u0161nja\u010dko nasilje u \u0161koli\",\"za\u0161tita djece\"],\"articleSection\":[\"EUROPA\",\"OBITELJ\",\"VIJESTI\"],\"inLanguage\":\"en-US\",\"potentialAction\":[{\"@type\":\"CommentAction\",\"name\":\"Comment\",\"target\":[\"https:\\\/\\\/medjugorje-news.com\\\/poljsku-potreslo-samoubojstvo-14-godisnjaka-poruka-s-ispracaja-dirnula-je-mnostvo-i-otvorila-vazno-pitanje-vrsnjackog-nasilja\\\/#respond\"]}]},{\"@type\":\"WebPage\",\"@id\":\"https:\\\/\\\/medjugorje-news.com\\\/poljsku-potreslo-samoubojstvo-14-godisnjaka-poruka-s-ispracaja-dirnula-je-mnostvo-i-otvorila-vazno-pitanje-vrsnjackog-nasilja\\\/\",\"url\":\"https:\\\/\\\/medjugorje-news.com\\\/poljsku-potreslo-samoubojstvo-14-godisnjaka-poruka-s-ispracaja-dirnula-je-mnostvo-i-otvorila-vazno-pitanje-vrsnjackog-nasilja\\\/\",\"name\":\"Poljsku potreslo samoubojstvo 14-godi\u0161njaka - Poruka s ispra\u0107aja dirnula je mno\u0161tvo i otvorila va\u017eno pitanje vr\u0161nja\u010dkog nasilja\",\"isPartOf\":{\"@id\":\"https:\\\/\\\/medjugorje-news.com\\\/#website\"},\"primaryImageOfPage\":{\"@id\":\"https:\\\/\\\/medjugorje-news.com\\\/poljsku-potreslo-samoubojstvo-14-godisnjaka-poruka-s-ispracaja-dirnula-je-mnostvo-i-otvorila-vazno-pitanje-vrsnjackog-nasilja\\\/#primaryimage\"},\"image\":{\"@id\":\"https:\\\/\\\/medjugorje-news.com\\\/poljsku-potreslo-samoubojstvo-14-godisnjaka-poruka-s-ispracaja-dirnula-je-mnostvo-i-otvorila-vazno-pitanje-vrsnjackog-nasilja\\\/#primaryimage\"},\"thumbnailUrl\":\"https:\\\/\\\/medjugorje-news.com\\\/wp-content\\\/uploads\\\/2026\\\/04\\\/love.jpg\",\"datePublished\":\"2026-04-22T17:17:08+00:00\",\"dateModified\":\"2026-04-22T17:30:04+00:00\",\"description\":\"Tragi\u010dna smrt 14-godi\u0161njeg dje\u010daka u Poljskoj otvorila je bolno pitanje vr\u0161nja\u010dkog nasilja i pravovremene pomo\u0107i djeci. Poruka pro\u010ditana na..\",\"breadcrumb\":{\"@id\":\"https:\\\/\\\/medjugorje-news.com\\\/poljsku-potreslo-samoubojstvo-14-godisnjaka-poruka-s-ispracaja-dirnula-je-mnostvo-i-otvorila-vazno-pitanje-vrsnjackog-nasilja\\\/#breadcrumb\"},\"inLanguage\":\"en-US\",\"potentialAction\":[{\"@type\":\"ReadAction\",\"target\":[\"https:\\\/\\\/medjugorje-news.com\\\/poljsku-potreslo-samoubojstvo-14-godisnjaka-poruka-s-ispracaja-dirnula-je-mnostvo-i-otvorila-vazno-pitanje-vrsnjackog-nasilja\\\/\"]}]},{\"@type\":\"ImageObject\",\"inLanguage\":\"en-US\",\"@id\":\"https:\\\/\\\/medjugorje-news.com\\\/poljsku-potreslo-samoubojstvo-14-godisnjaka-poruka-s-ispracaja-dirnula-je-mnostvo-i-otvorila-vazno-pitanje-vrsnjackog-nasilja\\\/#primaryimage\",\"url\":\"https:\\\/\\\/medjugorje-news.com\\\/wp-content\\\/uploads\\\/2026\\\/04\\\/love.jpg\",\"contentUrl\":\"https:\\\/\\\/medjugorje-news.com\\\/wp-content\\\/uploads\\\/2026\\\/04\\\/love.jpg\",\"width\":1920,\"height\":1080},{\"@type\":\"BreadcrumbList\",\"@id\":\"https:\\\/\\\/medjugorje-news.com\\\/poljsku-potreslo-samoubojstvo-14-godisnjaka-poruka-s-ispracaja-dirnula-je-mnostvo-i-otvorila-vazno-pitanje-vrsnjackog-nasilja\\\/#breadcrumb\",\"itemListElement\":[{\"@type\":\"ListItem\",\"position\":1,\"name\":\"Home\",\"item\":\"https:\\\/\\\/medjugorje-news.com\\\/\"},{\"@type\":\"ListItem\",\"position\":2,\"name\":\"Poljsku potreslo samoubojstvo 14-godi\u0161njaka &#8211; Poruka s ispra\u0107aja dirnula je mno\u0161tvo i otvorila va\u017eno pitanje vr\u0161nja\u010dkog nasilja\"}]},{\"@type\":\"WebSite\",\"@id\":\"https:\\\/\\\/medjugorje-news.com\\\/#website\",\"url\":\"https:\\\/\\\/medjugorje-news.com\\\/\",\"name\":\"Medjugorje News\",\"description\":\"Portal iz \u017eupe Me\u0111ugorje\",\"publisher\":{\"@id\":\"https:\\\/\\\/medjugorje-news.com\\\/#organization\"},\"potentialAction\":[{\"@type\":\"SearchAction\",\"target\":{\"@type\":\"EntryPoint\",\"urlTemplate\":\"https:\\\/\\\/medjugorje-news.com\\\/?s={search_term_string}\"},\"query-input\":{\"@type\":\"PropertyValueSpecification\",\"valueRequired\":true,\"valueName\":\"search_term_string\"}}],\"inLanguage\":\"en-US\"},{\"@type\":\"Organization\",\"@id\":\"https:\\\/\\\/medjugorje-news.com\\\/#organization\",\"name\":\"Medjugorje News\",\"url\":\"https:\\\/\\\/medjugorje-news.com\\\/\",\"logo\":{\"@type\":\"ImageObject\",\"inLanguage\":\"en-US\",\"@id\":\"https:\\\/\\\/medjugorje-news.com\\\/#\\\/schema\\\/logo\\\/image\\\/\",\"url\":\"https:\\\/\\\/medjugorje-news.com\\\/wp-content\\\/uploads\\\/2020\\\/07\\\/107999326_321991458828825_8590474612062969928_n.jpg\",\"contentUrl\":\"https:\\\/\\\/medjugorje-news.com\\\/wp-content\\\/uploads\\\/2020\\\/07\\\/107999326_321991458828825_8590474612062969928_n.jpg\",\"width\":280,\"height\":280,\"caption\":\"Medjugorje News\"},\"image\":{\"@id\":\"https:\\\/\\\/medjugorje-news.com\\\/#\\\/schema\\\/logo\\\/image\\\/\"},\"sameAs\":[\"https:\\\/\\\/www.facebook.com\\\/medjugorjevijesti\",\"https:\\\/\\\/www.youtube.com\\\/channel\\\/UCkkJYsL3Tk48DBarV9Bn87A?view_as=subscriber\"]},{\"@type\":\"Person\",\"@id\":\"https:\\\/\\\/medjugorje-news.com\\\/#\\\/schema\\\/person\\\/ccbe73f4509f0de208fd9d31b1941e7b\",\"name\":\"Medjugorje News\",\"image\":{\"@type\":\"ImageObject\",\"inLanguage\":\"en-US\",\"@id\":\"https:\\\/\\\/secure.gravatar.com\\\/avatar\\\/b1403c40e9dda44211ef4958364069dd22b7f2fc30ca31934d64014d85b01ac0?s=96&d=mm&r=g\",\"url\":\"https:\\\/\\\/secure.gravatar.com\\\/avatar\\\/b1403c40e9dda44211ef4958364069dd22b7f2fc30ca31934d64014d85b01ac0?s=96&d=mm&r=g\",\"contentUrl\":\"https:\\\/\\\/secure.gravatar.com\\\/avatar\\\/b1403c40e9dda44211ef4958364069dd22b7f2fc30ca31934d64014d85b01ac0?s=96&d=mm&r=g\",\"caption\":\"Medjugorje News\"},\"sameAs\":[\"https:\\\/\\\/medjugorje-news.com\"],\"url\":\"https:\\\/\\\/medjugorje-news.com\\\/en\\\/author\\\/petar\\\/\"}]}<\/script>\n<!-- \/ Yoast SEO plugin. -->","yoast_head_json":{"title":"Poljsku potreslo samoubojstvo 14-godi\u0161njaka - Poruka s ispra\u0107aja dirnula je mno\u0161tvo i otvorila va\u017eno pitanje vr\u0161nja\u010dkog nasilja","description":"Tragi\u010dna smrt 14-godi\u0161njeg dje\u010daka u Poljskoj otvorila je bolno pitanje vr\u0161nja\u010dkog nasilja i pravovremene pomo\u0107i djeci. Poruka pro\u010ditana na..","robots":{"index":"index","follow":"follow","max-snippet":"max-snippet:-1","max-image-preview":"max-image-preview:large","max-video-preview":"max-video-preview:-1"},"canonical":"https:\/\/medjugorje-news.com\/en\/poljsku-potreslo-samoubojstvo-14-godisnjaka-poruka-s-ispracaja-dirnula-je-mnostvo-i-otvorila-vazno-pitanje-vrsnjackog-nasilja\/","og_locale":"en_US","og_type":"article","og_title":"Poljsku potreslo samoubojstvo 14-godi\u0161njaka - Poruka s ispra\u0107aja dirnula je mno\u0161tvo i otvorila va\u017eno pitanje vr\u0161nja\u010dkog nasilja","og_description":"Tragi\u010dna smrt 14-godi\u0161njeg dje\u010daka u Poljskoj otvorila je bolno pitanje vr\u0161nja\u010dkog nasilja i pravovremene pomo\u0107i djeci. Poruka pro\u010ditana na..","og_url":"https:\/\/medjugorje-news.com\/en\/poljsku-potreslo-samoubojstvo-14-godisnjaka-poruka-s-ispracaja-dirnula-je-mnostvo-i-otvorila-vazno-pitanje-vrsnjackog-nasilja\/","og_site_name":"Medjugorje News","article_publisher":"https:\/\/www.facebook.com\/medjugorjevijesti","article_published_time":"2026-04-22T17:17:08+00:00","article_modified_time":"2026-04-22T17:30:04+00:00","og_image":[{"width":1920,"height":1080,"url":"https:\/\/medjugorje-news.com\/wp-content\/uploads\/2026\/04\/love.jpg","type":"image\/jpeg"}],"author":"Medjugorje News","twitter_card":"summary_large_image","twitter_misc":{"Written by":"Medjugorje News","Est. reading time":"4 minutes"},"schema":{"@context":"https:\/\/schema.org","@graph":[{"@type":"Article","@id":"https:\/\/medjugorje-news.com\/poljsku-potreslo-samoubojstvo-14-godisnjaka-poruka-s-ispracaja-dirnula-je-mnostvo-i-otvorila-vazno-pitanje-vrsnjackog-nasilja\/#article","isPartOf":{"@id":"https:\/\/medjugorje-news.com\/poljsku-potreslo-samoubojstvo-14-godisnjaka-poruka-s-ispracaja-dirnula-je-mnostvo-i-otvorila-vazno-pitanje-vrsnjackog-nasilja\/"},"author":{"name":"Medjugorje News","@id":"https:\/\/medjugorje-news.com\/#\/schema\/person\/ccbe73f4509f0de208fd9d31b1941e7b"},"headline":"Poljsku potreslo samoubojstvo 14-godi\u0161njaka &#8211; Poruka s ispra\u0107aja dirnula je mno\u0161tvo i otvorila va\u017eno pitanje vr\u0161nja\u010dkog nasilja","datePublished":"2026-04-22T17:17:08+00:00","dateModified":"2026-04-22T17:30:04+00:00","mainEntityOfPage":{"@id":"https:\/\/medjugorje-news.com\/poljsku-potreslo-samoubojstvo-14-godisnjaka-poruka-s-ispracaja-dirnula-je-mnostvo-i-otvorila-vazno-pitanje-vrsnjackog-nasilja\/"},"wordCount":940,"commentCount":0,"publisher":{"@id":"https:\/\/medjugorje-news.com\/#organization"},"image":{"@id":"https:\/\/medjugorje-news.com\/poljsku-potreslo-samoubojstvo-14-godisnjaka-poruka-s-ispracaja-dirnula-je-mnostvo-i-otvorila-vazno-pitanje-vrsnjackog-nasilja\/#primaryimage"},"thumbnailUrl":"https:\/\/medjugorje-news.com\/wp-content\/uploads\/2026\/04\/love.jpg","keywords":["apel dru\u0161tvu","briga za mlade","nasilje me\u0111u djecom","Poljska vijesti","pomo\u0107 mladima","poruka roditeljima","\u0161kolski problemi","tragedija dje\u010daka","vr\u0161nja\u010dko nasilje u \u0161koli","za\u0161tita djece"],"articleSection":["EUROPA","OBITELJ","VIJESTI"],"inLanguage":"en-US","potentialAction":[{"@type":"CommentAction","name":"Comment","target":["https:\/\/medjugorje-news.com\/poljsku-potreslo-samoubojstvo-14-godisnjaka-poruka-s-ispracaja-dirnula-je-mnostvo-i-otvorila-vazno-pitanje-vrsnjackog-nasilja\/#respond"]}]},{"@type":"WebPage","@id":"https:\/\/medjugorje-news.com\/poljsku-potreslo-samoubojstvo-14-godisnjaka-poruka-s-ispracaja-dirnula-je-mnostvo-i-otvorila-vazno-pitanje-vrsnjackog-nasilja\/","url":"https:\/\/medjugorje-news.com\/poljsku-potreslo-samoubojstvo-14-godisnjaka-poruka-s-ispracaja-dirnula-je-mnostvo-i-otvorila-vazno-pitanje-vrsnjackog-nasilja\/","name":"Poljsku potreslo samoubojstvo 14-godi\u0161njaka - Poruka s ispra\u0107aja dirnula je mno\u0161tvo i otvorila va\u017eno pitanje vr\u0161nja\u010dkog nasilja","isPartOf":{"@id":"https:\/\/medjugorje-news.com\/#website"},"primaryImageOfPage":{"@id":"https:\/\/medjugorje-news.com\/poljsku-potreslo-samoubojstvo-14-godisnjaka-poruka-s-ispracaja-dirnula-je-mnostvo-i-otvorila-vazno-pitanje-vrsnjackog-nasilja\/#primaryimage"},"image":{"@id":"https:\/\/medjugorje-news.com\/poljsku-potreslo-samoubojstvo-14-godisnjaka-poruka-s-ispracaja-dirnula-je-mnostvo-i-otvorila-vazno-pitanje-vrsnjackog-nasilja\/#primaryimage"},"thumbnailUrl":"https:\/\/medjugorje-news.com\/wp-content\/uploads\/2026\/04\/love.jpg","datePublished":"2026-04-22T17:17:08+00:00","dateModified":"2026-04-22T17:30:04+00:00","description":"Tragi\u010dna smrt 14-godi\u0161njeg dje\u010daka u Poljskoj otvorila je bolno pitanje vr\u0161nja\u010dkog nasilja i pravovremene pomo\u0107i djeci. Poruka pro\u010ditana na..","breadcrumb":{"@id":"https:\/\/medjugorje-news.com\/poljsku-potreslo-samoubojstvo-14-godisnjaka-poruka-s-ispracaja-dirnula-je-mnostvo-i-otvorila-vazno-pitanje-vrsnjackog-nasilja\/#breadcrumb"},"inLanguage":"en-US","potentialAction":[{"@type":"ReadAction","target":["https:\/\/medjugorje-news.com\/poljsku-potreslo-samoubojstvo-14-godisnjaka-poruka-s-ispracaja-dirnula-je-mnostvo-i-otvorila-vazno-pitanje-vrsnjackog-nasilja\/"]}]},{"@type":"ImageObject","inLanguage":"en-US","@id":"https:\/\/medjugorje-news.com\/poljsku-potreslo-samoubojstvo-14-godisnjaka-poruka-s-ispracaja-dirnula-je-mnostvo-i-otvorila-vazno-pitanje-vrsnjackog-nasilja\/#primaryimage","url":"https:\/\/medjugorje-news.com\/wp-content\/uploads\/2026\/04\/love.jpg","contentUrl":"https:\/\/medjugorje-news.com\/wp-content\/uploads\/2026\/04\/love.jpg","width":1920,"height":1080},{"@type":"BreadcrumbList","@id":"https:\/\/medjugorje-news.com\/poljsku-potreslo-samoubojstvo-14-godisnjaka-poruka-s-ispracaja-dirnula-je-mnostvo-i-otvorila-vazno-pitanje-vrsnjackog-nasilja\/#breadcrumb","itemListElement":[{"@type":"ListItem","position":1,"name":"Home","item":"https:\/\/medjugorje-news.com\/"},{"@type":"ListItem","position":2,"name":"Poljsku potreslo samoubojstvo 14-godi\u0161njaka &#8211; Poruka s ispra\u0107aja dirnula je mno\u0161tvo i otvorila va\u017eno pitanje vr\u0161nja\u010dkog nasilja"}]},{"@type":"WebSite","@id":"https:\/\/medjugorje-news.com\/#website","url":"https:\/\/medjugorje-news.com\/","name":"Medjugorje News","description":"Portal iz \u017eupe Me\u0111ugorje","publisher":{"@id":"https:\/\/medjugorje-news.com\/#organization"},"potentialAction":[{"@type":"SearchAction","target":{"@type":"EntryPoint","urlTemplate":"https:\/\/medjugorje-news.com\/?s={search_term_string}"},"query-input":{"@type":"PropertyValueSpecification","valueRequired":true,"valueName":"search_term_string"}}],"inLanguage":"en-US"},{"@type":"Organization","@id":"https:\/\/medjugorje-news.com\/#organization","name":"Medjugorje News","url":"https:\/\/medjugorje-news.com\/","logo":{"@type":"ImageObject","inLanguage":"en-US","@id":"https:\/\/medjugorje-news.com\/#\/schema\/logo\/image\/","url":"https:\/\/medjugorje-news.com\/wp-content\/uploads\/2020\/07\/107999326_321991458828825_8590474612062969928_n.jpg","contentUrl":"https:\/\/medjugorje-news.com\/wp-content\/uploads\/2020\/07\/107999326_321991458828825_8590474612062969928_n.jpg","width":280,"height":280,"caption":"Medjugorje News"},"image":{"@id":"https:\/\/medjugorje-news.com\/#\/schema\/logo\/image\/"},"sameAs":["https:\/\/www.facebook.com\/medjugorjevijesti","https:\/\/www.youtube.com\/channel\/UCkkJYsL3Tk48DBarV9Bn87A?view_as=subscriber"]},{"@type":"Person","@id":"https:\/\/medjugorje-news.com\/#\/schema\/person\/ccbe73f4509f0de208fd9d31b1941e7b","name":"Medjugorje News","image":{"@type":"ImageObject","inLanguage":"en-US","@id":"https:\/\/secure.gravatar.com\/avatar\/b1403c40e9dda44211ef4958364069dd22b7f2fc30ca31934d64014d85b01ac0?s=96&d=mm&r=g","url":"https:\/\/secure.gravatar.com\/avatar\/b1403c40e9dda44211ef4958364069dd22b7f2fc30ca31934d64014d85b01ac0?s=96&d=mm&r=g","contentUrl":"https:\/\/secure.gravatar.com\/avatar\/b1403c40e9dda44211ef4958364069dd22b7f2fc30ca31934d64014d85b01ac0?s=96&d=mm&r=g","caption":"Medjugorje News"},"sameAs":["https:\/\/medjugorje-news.com"],"url":"https:\/\/medjugorje-news.com\/en\/author\/petar\/"}]}},"_links":{"self":[{"href":"https:\/\/medjugorje-news.com\/en\/wp-json\/wp\/v2\/posts\/40550","targetHints":{"allow":["GET"]}}],"collection":[{"href":"https:\/\/medjugorje-news.com\/en\/wp-json\/wp\/v2\/posts"}],"about":[{"href":"https:\/\/medjugorje-news.com\/en\/wp-json\/wp\/v2\/types\/post"}],"author":[{"embeddable":true,"href":"https:\/\/medjugorje-news.com\/en\/wp-json\/wp\/v2\/users\/1"}],"replies":[{"embeddable":true,"href":"https:\/\/medjugorje-news.com\/en\/wp-json\/wp\/v2\/comments?post=40550"}],"version-history":[{"count":0,"href":"https:\/\/medjugorje-news.com\/en\/wp-json\/wp\/v2\/posts\/40550\/revisions"}],"wp:featuredmedia":[{"embeddable":true,"href":"https:\/\/medjugorje-news.com\/en\/wp-json\/wp\/v2\/media\/40551"}],"wp:attachment":[{"href":"https:\/\/medjugorje-news.com\/en\/wp-json\/wp\/v2\/media?parent=40550"}],"wp:term":[{"taxonomy":"category","embeddable":true,"href":"https:\/\/medjugorje-news.com\/en\/wp-json\/wp\/v2\/categories?post=40550"},{"taxonomy":"post_tag","embeddable":true,"href":"https:\/\/medjugorje-news.com\/en\/wp-json\/wp\/v2\/tags?post=40550"}],"curies":[{"name":"wp","href":"https:\/\/api.w.org\/{rel}","templated":true}]}}