{"id":40028,"date":"2026-03-26T09:39:58","date_gmt":"2026-03-26T08:39:58","guid":{"rendered":"https:\/\/medjugorje-news.com\/?p=40028"},"modified":"2026-03-26T09:40:00","modified_gmt":"2026-03-26T08:40:00","slug":"krvava-blagovijest-1993-armija-bih-zavila-orliste-u-crno-masakar-nad-cetvero-hrvatskih-civila","status":"publish","type":"post","link":"https:\/\/medjugorje-news.com\/en\/krvava-blagovijest-1993-armija-bih-zavila-orliste-u-crno-masakar-nad-cetvero-hrvatskih-civila\/","title":{"rendered":"Krvava Blagovijest 1993.: Armija BiH zavila Orli\u0161te u crno &#8211; masakar nad \u010detvero hrvatskih civila"},"content":{"rendered":"<p><strong>Na Blagovijest 25. o\u017eujka 1993. u Orli\u0161tu su ubijena \u010detiri hrvatska civila, a selo je oplja\u010dkano i spaljeno. Obljetnica toga zlo\u010dina i danas otvara pitanje istine, pravde i o\u010duvanja sje\u0107anja na stradale.<\/strong><\/p>\n\n\n\n<p>Okrutno su ubili \u010detiri starija hrvatska civila me\u0111u kojima i osam godina nepokretnu i u invalidskim kolicima\u00a0<strong>An\u0111u Kosti\u0107<\/strong>. Selo su temeljito oplja\u010dkali, a zatim spalili. Odvu\u010deni su poljoprivredni strojevi, a stoka i druge vrijedne stvari zavr\u0161ile su u susjednim muslimanskim selima. Ovaj recept kori\u0161ten je i u kasnijim osvajanjima hrvatskih sela u Klisu i drugim dijelovima op\u0107ine Konjic, pi\u0161e portal <a href=\"https:\/\/www.nedjelja.ba\/hr\/ljudi-zivot-obicaji\/obljetnica-ratnog-zlocina-u-orlistu\/24655\">nedjelja.ba<\/a>.<\/p>\n\n\n\n<p>Budu\u0107i da su bila pokrivena velikim snijegom unaka\u017eena tijela&nbsp;<strong>Ivana<\/strong>&nbsp;i An\u0111e Kosti\u0107 prona\u0111ena su nakon tjedan, a&nbsp;<strong>Janje<\/strong>&nbsp;i&nbsp;<strong>Branka Kosti\u0107a<\/strong>&nbsp;nakon 15 dana i pokopana su u katoli\u010dkom groblju&nbsp;<em>Lapte<\/em>&nbsp;u Obrenovcu. Tijela su prona\u0111ena unaka\u017eena no\u017eevima i metcima. Prilog o ovom gnusnom \u010dinu se mo\u017ee na\u0107i na&nbsp;<a href=\"https:\/\/www.youtube.com\/watch?v=tdSoCtu83X8\">Youtube-u<\/a>.<\/p>\n\n\n\n<p>Na\u017ealost, ovaj zlo\u010din bio je tek po\u010detak etni\u010dkog \u010di\u0161\u0107enja hrvatskog naroda u op\u0107inama Konjic i Jablanica.<\/p>\n\n\n\n<p>Pro\u010ditajte dio svjedo\u010denja&nbsp;<strong>Ivke Kosti\u0107<\/strong>&nbsp;o ratnom zlo\u010dinu u Orli\u0161tu koje se mo\u017ee na\u0107i, izme\u0111u ostaloga, i na&nbsp;<em>Facebook&nbsp;<\/em>stranici&nbsp;<em>Vrci-Klis\/Konjic<\/em>: &#8220;Nekoliko dana uo\u010di zlo\u010dina dolazili su muslimanski vojnici do sela i izazivali nas psovanjem hrvatske majke. Bili su to Muslimani iz susjednih sela Gobelovine i Raoti\u0107a. Verbalne provokacija u nama su izazvale strah. \u010cuvali smo stra\u017eu i sakrivali vrjednije stvari. Sa strepnjom smo o\u010dekivali \u0161to \u0107e se dogoditi jer im se nismo bili u stanju usprotiviti, po\u0161to smo gotovo svi bili goloruki, stari i bolesni. Muslimansku vojsku predvodio je&nbsp;<strong>Mirsad Bajraktarevi\u0107<\/strong>&nbsp;iz susjednog sela Lokve. U Orli\u0161te, koje je na Blagovijest i muslimanski prvi dan Ramazanskog bajrama osvanulo u magli, muslimanski vojnici su upali ujutro sa svih strana. Malo prije njihova napada moj sin&nbsp;<strong>Mijo<\/strong>&nbsp;je do\u0161ao s linije presvu\u0107i se. Selo je \u010duvalo 15 vojnika HVO-a. Bilo je to nedovoljno za muslimansku bujicu vojnika koja je nadirala sa svih strana poput osica. Moj Branko, Ivan, An\u0111a i Janja nisu uspjeli pobje\u0107i (&#8230;) Okrutno su ih ubili. Ku\u0107e i \u0161tale su zapalili, stoku otjerali (&#8230;) U selu su sve oplja\u010dkali i spalili. Ubili su mi supruga Branka, zapalili ku\u0107u i \u0161talu te otjerali 57 ovaca, osmero goveda i konja. Mi sumnjamo da su to oplja\u010dkali Muslimani iz Raoti\u0107a (&#8230;) Izi\u0161la sam zajedno s jo\u0161 nekoliko Hrvata preko planine Bok\u0161evice. Sin Mijo je sa \u017dita\u010da izi\u0161ao s vojskom 7. srpnja 1993. pod okriljem mraka i ki\u0161e putem koji je vodio preko planine Bok\u0161evice i sela Bukovice i Ku\u010dana do Prozora i Mostara gdje \u017eivimo kao prognanici.&#8221;<\/p>\n\n\n\n<p>Kako bismo govorili o Orli\u0161tu potrebno je navesti najprije \u0161iri kontekst na razini op\u0107ine i \u010ditavog lokaliteta rijeke Neretvice. \u010cinjenice nam govore da su stradanja Hrvata ovoga kraja zapo\u010dela 23. o\u017eujka 1993. kada je u Klisu (zbirno ime vi\u0161e naselja) ubijen voza\u010d saniteta HVO-a&nbsp;<strong>Dragan (Bosiljko) Vuji\u010devi\u0107<\/strong>&nbsp;(1963.). Istoga dana u Jaseniku je ubijen zarobljeni pripadnik HVO-a&nbsp;<strong>Mate<\/strong>&nbsp;(<strong>Stipo<\/strong>)<strong>&nbsp;Stjepanovi\u0107<\/strong>. Sve je kulminiralo 20. o\u017eujka kada je iz vozila u pokretu, u re\u017eiji&nbsp;<strong>Ismeta<\/strong>&nbsp;<strong>Gabele&nbsp;<\/strong>i&nbsp;<strong>Sakiba&nbsp;Bolobana<\/strong>, u Kostajnici, ba\u010dena bomba me\u0111u tri djevoj\u010dice te je&nbsp;<strong>Katica \u0160agolj<\/strong>&nbsp;te\u017ee ranjena.<\/p>\n\n\n\n<p>Ono \u0161to je zapo\u010delo pojedina\u010dnim ubojstvima i maltretiranjima, u nekoliko dana preraslo je u masovne zlo\u010dine. Rezultat toga je da je 50-ak sela i zaselaka u kojima je prete\u017eno \u017eivjelo hrvatsko pu\u010danstvo, vi\u0161e ili manje, spaljeno i oplja\u010dkano, a u osam njih po\u010dinjeni su masovni zlo\u010dini. Rije\u010d je o:&nbsp;<strong>Gostovi\u0107ima&nbsp;<\/strong>gdje su bile \u010detiri \u017ertve;&nbsp;<strong>Bu\u0161\u010daku&nbsp;<\/strong>s tri;&nbsp;<strong>Trusini&nbsp;<\/strong>s 22;&nbsp;<strong>Vrcima&nbsp;<\/strong>sa sedam;&nbsp;<strong>Rade\u0161inama&nbsp;<\/strong>s pet;&nbsp;<strong>Dubravicama&nbsp;<\/strong>s tako\u0111er pet;&nbsp;<strong>Podhum\/\u017dita\u010de<\/strong>&nbsp;s 26;&nbsp;<strong>Zaslivlju&nbsp;<\/strong>s tri;&nbsp;<strong>Orahovici&nbsp;<\/strong>s \u010detiri te&nbsp;<strong>Orli\u0161tu&nbsp;<\/strong>s tako\u0111er \u010detiri hrvatske \u017ertve. Tako\u0111er, iz Op\u0107ine Konjic istjerano je gotovo 10 000 Hrvata, 160 je stradalo, a me\u0111u njima je bilo 80 odraslih civila, sedmero djece i 39 vojnika HVO-a.<\/p>\n\n\n\n<p>Na kraju, bitno je napomenuti kako se ovaj zlo\u010din dogodio u vrijeme &#8220;primirja&#8221; i u nazo\u010dnosti nacionalno mje\u0161ovitog povjerenstva koje su predvodili&nbsp;<strong>Slavko Pulji\u0107<\/strong>&nbsp;i&nbsp;<strong>Muhamed Cero<\/strong>.<\/p>\n\n\n\n<figure class=\"wp-block-image size-full\"><img loading=\"lazy\" decoding=\"async\" width=\"800\" height=\"450\" src=\"https:\/\/medjugorje-news.com\/wp-content\/uploads\/2026\/03\/phpThumb_cache_nedjelja.ba__srce86cd144abedbfc8775cb3e4361c1e7f_par237e4a9ca0b8b807a10bf3329368f378_dat1648195863.jpeg\" alt=\"\" class=\"wp-image-40029\" srcset=\"https:\/\/medjugorje-news.com\/wp-content\/uploads\/2026\/03\/phpThumb_cache_nedjelja.ba__srce86cd144abedbfc8775cb3e4361c1e7f_par237e4a9ca0b8b807a10bf3329368f378_dat1648195863.jpeg 800w, https:\/\/medjugorje-news.com\/wp-content\/uploads\/2026\/03\/phpThumb_cache_nedjelja.ba__srce86cd144abedbfc8775cb3e4361c1e7f_par237e4a9ca0b8b807a10bf3329368f378_dat1648195863-300x169.jpeg 300w, https:\/\/medjugorje-news.com\/wp-content\/uploads\/2026\/03\/phpThumb_cache_nedjelja.ba__srce86cd144abedbfc8775cb3e4361c1e7f_par237e4a9ca0b8b807a10bf3329368f378_dat1648195863-768x432.jpeg 768w, https:\/\/medjugorje-news.com\/wp-content\/uploads\/2026\/03\/phpThumb_cache_nedjelja.ba__srce86cd144abedbfc8775cb3e4361c1e7f_par237e4a9ca0b8b807a10bf3329368f378_dat1648195863-18x10.jpeg 18w, https:\/\/medjugorje-news.com\/wp-content\/uploads\/2026\/03\/phpThumb_cache_nedjelja.ba__srce86cd144abedbfc8775cb3e4361c1e7f_par237e4a9ca0b8b807a10bf3329368f378_dat1648195863-390x220.jpeg 390w\" sizes=\"auto, (max-width: 800px) 100vw, 800px\" \/><\/figure>\n\n\n\n<p><a href=\"https:\/\/medjugorje-news.com\/en\/\">www.medjugorje-news.com<\/a><\/p>","protected":false},"excerpt":{"rendered":"<p>Na Blagovijest 25. o\u017eujka 1993. u Orli\u0161tu su ubijena \u010detiri hrvatska civila, a selo je oplja\u010dkano i spaljeno. Obljetnica toga zlo\u010dina i danas otvara pitanje istine, pravde i o\u010duvanja sje\u0107anja na stradale. Okrutno su ubili \u010detiri starija hrvatska civila me\u0111u kojima i osam godina nepokretnu i u invalidskim kolicima\u00a0An\u0111u Kosti\u0107. Selo su temeljito oplja\u010dkali, a &hellip;<\/p>","protected":false},"author":4,"featured_media":19541,"comment_status":"open","ping_status":"open","sticky":false,"template":"","format":"standard","meta":{"footnotes":""},"categories":[5],"tags":[21881,18900,21880,21886,21890,21883,10412,21878,21891,21882,21887,18194,21877,21888,21885,21889,20476,21879,21884],"class_list":["post-40028","post","type-post","status-publish","format-standard","has-post-thumbnail","hentry","category-bih","tag-armija-rbih","tag-blagovijest","tag-etnicko-ciscenje","tag-hrvati-u-bih","tag-hrvatske-zrtve","tag-hrvatski-civili","tag-istina","tag-konjic","tag-konjic-1993","tag-memorija","tag-neretvica","tag-obljetnica","tag-orliste","tag-pravda","tag-rat-u-bih","tag-ratni-zlocin","tag-sjecanje","tag-stradanje-hrvata","tag-zrtve-rata"],"yoast_head":"<!-- This site is optimized with the Yoast SEO plugin v27.4 - https:\/\/yoast.com\/product\/yoast-seo-wordpress\/ -->\n<title>Krvava Blagovijest 1993.: Armija BiH zavila Orli\u0161te u crno - masakar nad \u010detvero hrvatskih civila<\/title>\n<meta name=\"description\" content=\"Na obljetnicu ratnog zlo\u010dina u Orli\u0161tu podsje\u0107a se na 25. o\u017eujka 1993., kada su ubijena \u010detiri hrvatska civila, a selo oplja\u010dkano i spaljeno\" \/>\n<meta name=\"robots\" content=\"index, follow, max-snippet:-1, max-image-preview:large, max-video-preview:-1\" \/>\n<link rel=\"canonical\" href=\"https:\/\/medjugorje-news.com\/en\/krvava-blagovijest-1993-armija-bih-zavila-orliste-u-crno-masakar-nad-cetvero-hrvatskih-civila\/\" \/>\n<meta property=\"og:locale\" content=\"en_US\" \/>\n<meta property=\"og:type\" content=\"article\" \/>\n<meta property=\"og:title\" content=\"Krvava Blagovijest 1993.: Armija BiH zavila Orli\u0161te u crno - masakar nad \u010detvero hrvatskih civila\" \/>\n<meta property=\"og:description\" content=\"Na obljetnicu ratnog zlo\u010dina u Orli\u0161tu podsje\u0107a se na 25. o\u017eujka 1993., kada su ubijena \u010detiri hrvatska civila, a selo oplja\u010dkano i spaljeno\" \/>\n<meta property=\"og:url\" content=\"https:\/\/medjugorje-news.com\/en\/krvava-blagovijest-1993-armija-bih-zavila-orliste-u-crno-masakar-nad-cetvero-hrvatskih-civila\/\" \/>\n<meta property=\"og:site_name\" content=\"Medjugorje News\" \/>\n<meta property=\"article:publisher\" content=\"https:\/\/www.facebook.com\/medjugorjevijesti\" \/>\n<meta property=\"article:published_time\" content=\"2026-03-26T08:39:58+00:00\" \/>\n<meta property=\"article:modified_time\" content=\"2026-03-26T08:40:00+00:00\" \/>\n<meta property=\"og:image\" content=\"https:\/\/medjugorje-news.com\/wp-content\/uploads\/2021\/11\/svijeca_za_pokojne.jpg\" \/>\n\t<meta property=\"og:image:width\" content=\"600\" \/>\n\t<meta property=\"og:image:height\" content=\"350\" \/>\n\t<meta property=\"og:image:type\" content=\"image\/jpeg\" \/>\n<meta name=\"author\" content=\"maja\" \/>\n<meta name=\"twitter:card\" content=\"summary_large_image\" \/>\n<meta name=\"twitter:label1\" content=\"Written by\" \/>\n\t<meta name=\"twitter:data1\" content=\"maja\" \/>\n\t<meta name=\"twitter:label2\" content=\"Est. reading time\" \/>\n\t<meta name=\"twitter:data2\" content=\"4 minutes\" \/>\n<script type=\"application\/ld+json\" class=\"yoast-schema-graph\">{\"@context\":\"https:\\\/\\\/schema.org\",\"@graph\":[{\"@type\":\"Article\",\"@id\":\"https:\\\/\\\/medjugorje-news.com\\\/krvava-blagovijest-1993-armija-bih-zavila-orliste-u-crno-masakar-nad-cetvero-hrvatskih-civila\\\/#article\",\"isPartOf\":{\"@id\":\"https:\\\/\\\/medjugorje-news.com\\\/krvava-blagovijest-1993-armija-bih-zavila-orliste-u-crno-masakar-nad-cetvero-hrvatskih-civila\\\/\"},\"author\":{\"name\":\"maja\",\"@id\":\"https:\\\/\\\/medjugorje-news.com\\\/#\\\/schema\\\/person\\\/76a61a62e7d533bc53f155890018eb6f\"},\"headline\":\"Krvava Blagovijest 1993.: Armija BiH zavila Orli\u0161te u crno &#8211; masakar nad \u010detvero hrvatskih civila\",\"datePublished\":\"2026-03-26T08:39:58+00:00\",\"dateModified\":\"2026-03-26T08:40:00+00:00\",\"mainEntityOfPage\":{\"@id\":\"https:\\\/\\\/medjugorje-news.com\\\/krvava-blagovijest-1993-armija-bih-zavila-orliste-u-crno-masakar-nad-cetvero-hrvatskih-civila\\\/\"},\"wordCount\":797,\"commentCount\":0,\"publisher\":{\"@id\":\"https:\\\/\\\/medjugorje-news.com\\\/#organization\"},\"image\":{\"@id\":\"https:\\\/\\\/medjugorje-news.com\\\/krvava-blagovijest-1993-armija-bih-zavila-orliste-u-crno-masakar-nad-cetvero-hrvatskih-civila\\\/#primaryimage\"},\"thumbnailUrl\":\"https:\\\/\\\/medjugorje-news.com\\\/wp-content\\\/uploads\\\/2021\\\/11\\\/svijeca_za_pokojne.jpg\",\"keywords\":[\"Armija RBiH\",\"blagovijest\",\"etni\u010dko \u010di\u0161\u0107enje\",\"Hrvati u BiH\",\"hrvatske \u017ertve\",\"hrvatski civili\",\"istina\",\"Konjic\",\"Konjic 1993\",\"memorija\",\"Neretvica\",\"obljetnica\",\"Orli\u0161te\",\"pravda\",\"rat u BiH\",\"ratni zlo\u010din\",\"sje\u0107anje\",\"stradanje Hrvata\",\"\u017ertve rata\"],\"articleSection\":[\"BiH\"],\"inLanguage\":\"en-US\",\"potentialAction\":[{\"@type\":\"CommentAction\",\"name\":\"Comment\",\"target\":[\"https:\\\/\\\/medjugorje-news.com\\\/krvava-blagovijest-1993-armija-bih-zavila-orliste-u-crno-masakar-nad-cetvero-hrvatskih-civila\\\/#respond\"]}]},{\"@type\":\"WebPage\",\"@id\":\"https:\\\/\\\/medjugorje-news.com\\\/krvava-blagovijest-1993-armija-bih-zavila-orliste-u-crno-masakar-nad-cetvero-hrvatskih-civila\\\/\",\"url\":\"https:\\\/\\\/medjugorje-news.com\\\/krvava-blagovijest-1993-armija-bih-zavila-orliste-u-crno-masakar-nad-cetvero-hrvatskih-civila\\\/\",\"name\":\"Krvava Blagovijest 1993.: Armija BiH zavila Orli\u0161te u crno - masakar nad \u010detvero hrvatskih civila\",\"isPartOf\":{\"@id\":\"https:\\\/\\\/medjugorje-news.com\\\/#website\"},\"primaryImageOfPage\":{\"@id\":\"https:\\\/\\\/medjugorje-news.com\\\/krvava-blagovijest-1993-armija-bih-zavila-orliste-u-crno-masakar-nad-cetvero-hrvatskih-civila\\\/#primaryimage\"},\"image\":{\"@id\":\"https:\\\/\\\/medjugorje-news.com\\\/krvava-blagovijest-1993-armija-bih-zavila-orliste-u-crno-masakar-nad-cetvero-hrvatskih-civila\\\/#primaryimage\"},\"thumbnailUrl\":\"https:\\\/\\\/medjugorje-news.com\\\/wp-content\\\/uploads\\\/2021\\\/11\\\/svijeca_za_pokojne.jpg\",\"datePublished\":\"2026-03-26T08:39:58+00:00\",\"dateModified\":\"2026-03-26T08:40:00+00:00\",\"description\":\"Na obljetnicu ratnog zlo\u010dina u Orli\u0161tu podsje\u0107a se na 25. o\u017eujka 1993., kada su ubijena \u010detiri hrvatska civila, a selo oplja\u010dkano i spaljeno\",\"breadcrumb\":{\"@id\":\"https:\\\/\\\/medjugorje-news.com\\\/krvava-blagovijest-1993-armija-bih-zavila-orliste-u-crno-masakar-nad-cetvero-hrvatskih-civila\\\/#breadcrumb\"},\"inLanguage\":\"en-US\",\"potentialAction\":[{\"@type\":\"ReadAction\",\"target\":[\"https:\\\/\\\/medjugorje-news.com\\\/krvava-blagovijest-1993-armija-bih-zavila-orliste-u-crno-masakar-nad-cetvero-hrvatskih-civila\\\/\"]}]},{\"@type\":\"ImageObject\",\"inLanguage\":\"en-US\",\"@id\":\"https:\\\/\\\/medjugorje-news.com\\\/krvava-blagovijest-1993-armija-bih-zavila-orliste-u-crno-masakar-nad-cetvero-hrvatskih-civila\\\/#primaryimage\",\"url\":\"https:\\\/\\\/medjugorje-news.com\\\/wp-content\\\/uploads\\\/2021\\\/11\\\/svijeca_za_pokojne.jpg\",\"contentUrl\":\"https:\\\/\\\/medjugorje-news.com\\\/wp-content\\\/uploads\\\/2021\\\/11\\\/svijeca_za_pokojne.jpg\",\"width\":600,\"height\":350},{\"@type\":\"BreadcrumbList\",\"@id\":\"https:\\\/\\\/medjugorje-news.com\\\/krvava-blagovijest-1993-armija-bih-zavila-orliste-u-crno-masakar-nad-cetvero-hrvatskih-civila\\\/#breadcrumb\",\"itemListElement\":[{\"@type\":\"ListItem\",\"position\":1,\"name\":\"Home\",\"item\":\"https:\\\/\\\/medjugorje-news.com\\\/\"},{\"@type\":\"ListItem\",\"position\":2,\"name\":\"Krvava Blagovijest 1993.: Armija BiH zavila Orli\u0161te u crno &#8211; masakar nad \u010detvero hrvatskih civila\"}]},{\"@type\":\"WebSite\",\"@id\":\"https:\\\/\\\/medjugorje-news.com\\\/#website\",\"url\":\"https:\\\/\\\/medjugorje-news.com\\\/\",\"name\":\"Medjugorje News\",\"description\":\"Portal iz \u017eupe Me\u0111ugorje\",\"publisher\":{\"@id\":\"https:\\\/\\\/medjugorje-news.com\\\/#organization\"},\"potentialAction\":[{\"@type\":\"SearchAction\",\"target\":{\"@type\":\"EntryPoint\",\"urlTemplate\":\"https:\\\/\\\/medjugorje-news.com\\\/?s={search_term_string}\"},\"query-input\":{\"@type\":\"PropertyValueSpecification\",\"valueRequired\":true,\"valueName\":\"search_term_string\"}}],\"inLanguage\":\"en-US\"},{\"@type\":\"Organization\",\"@id\":\"https:\\\/\\\/medjugorje-news.com\\\/#organization\",\"name\":\"Medjugorje News\",\"url\":\"https:\\\/\\\/medjugorje-news.com\\\/\",\"logo\":{\"@type\":\"ImageObject\",\"inLanguage\":\"en-US\",\"@id\":\"https:\\\/\\\/medjugorje-news.com\\\/#\\\/schema\\\/logo\\\/image\\\/\",\"url\":\"https:\\\/\\\/medjugorje-news.com\\\/wp-content\\\/uploads\\\/2020\\\/07\\\/107999326_321991458828825_8590474612062969928_n.jpg\",\"contentUrl\":\"https:\\\/\\\/medjugorje-news.com\\\/wp-content\\\/uploads\\\/2020\\\/07\\\/107999326_321991458828825_8590474612062969928_n.jpg\",\"width\":280,\"height\":280,\"caption\":\"Medjugorje News\"},\"image\":{\"@id\":\"https:\\\/\\\/medjugorje-news.com\\\/#\\\/schema\\\/logo\\\/image\\\/\"},\"sameAs\":[\"https:\\\/\\\/www.facebook.com\\\/medjugorjevijesti\",\"https:\\\/\\\/www.youtube.com\\\/channel\\\/UCkkJYsL3Tk48DBarV9Bn87A?view_as=subscriber\"]},{\"@type\":\"Person\",\"@id\":\"https:\\\/\\\/medjugorje-news.com\\\/#\\\/schema\\\/person\\\/76a61a62e7d533bc53f155890018eb6f\",\"name\":\"maja\",\"image\":{\"@type\":\"ImageObject\",\"inLanguage\":\"en-US\",\"@id\":\"https:\\\/\\\/secure.gravatar.com\\\/avatar\\\/721dc601bd9ec139c2fa68eb22de335a3e6087c450289d8ab5651bcd8a4b1121?s=96&d=mm&r=g\",\"url\":\"https:\\\/\\\/secure.gravatar.com\\\/avatar\\\/721dc601bd9ec139c2fa68eb22de335a3e6087c450289d8ab5651bcd8a4b1121?s=96&d=mm&r=g\",\"contentUrl\":\"https:\\\/\\\/secure.gravatar.com\\\/avatar\\\/721dc601bd9ec139c2fa68eb22de335a3e6087c450289d8ab5651bcd8a4b1121?s=96&d=mm&r=g\",\"caption\":\"maja\"},\"url\":\"https:\\\/\\\/medjugorje-news.com\\\/en\\\/author\\\/maja\\\/\"}]}<\/script>\n<!-- \/ Yoast SEO plugin. -->","yoast_head_json":{"title":"Krvava Blagovijest 1993.: Armija BiH zavila Orli\u0161te u crno - masakar nad \u010detvero hrvatskih civila","description":"Na obljetnicu ratnog zlo\u010dina u Orli\u0161tu podsje\u0107a se na 25. o\u017eujka 1993., kada su ubijena \u010detiri hrvatska civila, a selo oplja\u010dkano i spaljeno","robots":{"index":"index","follow":"follow","max-snippet":"max-snippet:-1","max-image-preview":"max-image-preview:large","max-video-preview":"max-video-preview:-1"},"canonical":"https:\/\/medjugorje-news.com\/en\/krvava-blagovijest-1993-armija-bih-zavila-orliste-u-crno-masakar-nad-cetvero-hrvatskih-civila\/","og_locale":"en_US","og_type":"article","og_title":"Krvava Blagovijest 1993.: Armija BiH zavila Orli\u0161te u crno - masakar nad \u010detvero hrvatskih civila","og_description":"Na obljetnicu ratnog zlo\u010dina u Orli\u0161tu podsje\u0107a se na 25. o\u017eujka 1993., kada su ubijena \u010detiri hrvatska civila, a selo oplja\u010dkano i spaljeno","og_url":"https:\/\/medjugorje-news.com\/en\/krvava-blagovijest-1993-armija-bih-zavila-orliste-u-crno-masakar-nad-cetvero-hrvatskih-civila\/","og_site_name":"Medjugorje News","article_publisher":"https:\/\/www.facebook.com\/medjugorjevijesti","article_published_time":"2026-03-26T08:39:58+00:00","article_modified_time":"2026-03-26T08:40:00+00:00","og_image":[{"width":600,"height":350,"url":"https:\/\/medjugorje-news.com\/wp-content\/uploads\/2021\/11\/svijeca_za_pokojne.jpg","type":"image\/jpeg"}],"author":"maja","twitter_card":"summary_large_image","twitter_misc":{"Written by":"maja","Est. reading time":"4 minutes"},"schema":{"@context":"https:\/\/schema.org","@graph":[{"@type":"Article","@id":"https:\/\/medjugorje-news.com\/krvava-blagovijest-1993-armija-bih-zavila-orliste-u-crno-masakar-nad-cetvero-hrvatskih-civila\/#article","isPartOf":{"@id":"https:\/\/medjugorje-news.com\/krvava-blagovijest-1993-armija-bih-zavila-orliste-u-crno-masakar-nad-cetvero-hrvatskih-civila\/"},"author":{"name":"maja","@id":"https:\/\/medjugorje-news.com\/#\/schema\/person\/76a61a62e7d533bc53f155890018eb6f"},"headline":"Krvava Blagovijest 1993.: Armija BiH zavila Orli\u0161te u crno &#8211; masakar nad \u010detvero hrvatskih civila","datePublished":"2026-03-26T08:39:58+00:00","dateModified":"2026-03-26T08:40:00+00:00","mainEntityOfPage":{"@id":"https:\/\/medjugorje-news.com\/krvava-blagovijest-1993-armija-bih-zavila-orliste-u-crno-masakar-nad-cetvero-hrvatskih-civila\/"},"wordCount":797,"commentCount":0,"publisher":{"@id":"https:\/\/medjugorje-news.com\/#organization"},"image":{"@id":"https:\/\/medjugorje-news.com\/krvava-blagovijest-1993-armija-bih-zavila-orliste-u-crno-masakar-nad-cetvero-hrvatskih-civila\/#primaryimage"},"thumbnailUrl":"https:\/\/medjugorje-news.com\/wp-content\/uploads\/2021\/11\/svijeca_za_pokojne.jpg","keywords":["Armija RBiH","blagovijest","etni\u010dko \u010di\u0161\u0107enje","Hrvati u BiH","hrvatske \u017ertve","hrvatski civili","istina","Konjic","Konjic 1993","memorija","Neretvica","obljetnica","Orli\u0161te","pravda","rat u BiH","ratni zlo\u010din","sje\u0107anje","stradanje Hrvata","\u017ertve rata"],"articleSection":["BiH"],"inLanguage":"en-US","potentialAction":[{"@type":"CommentAction","name":"Comment","target":["https:\/\/medjugorje-news.com\/krvava-blagovijest-1993-armija-bih-zavila-orliste-u-crno-masakar-nad-cetvero-hrvatskih-civila\/#respond"]}]},{"@type":"WebPage","@id":"https:\/\/medjugorje-news.com\/krvava-blagovijest-1993-armija-bih-zavila-orliste-u-crno-masakar-nad-cetvero-hrvatskih-civila\/","url":"https:\/\/medjugorje-news.com\/krvava-blagovijest-1993-armija-bih-zavila-orliste-u-crno-masakar-nad-cetvero-hrvatskih-civila\/","name":"Krvava Blagovijest 1993.: Armija BiH zavila Orli\u0161te u crno - masakar nad \u010detvero hrvatskih civila","isPartOf":{"@id":"https:\/\/medjugorje-news.com\/#website"},"primaryImageOfPage":{"@id":"https:\/\/medjugorje-news.com\/krvava-blagovijest-1993-armija-bih-zavila-orliste-u-crno-masakar-nad-cetvero-hrvatskih-civila\/#primaryimage"},"image":{"@id":"https:\/\/medjugorje-news.com\/krvava-blagovijest-1993-armija-bih-zavila-orliste-u-crno-masakar-nad-cetvero-hrvatskih-civila\/#primaryimage"},"thumbnailUrl":"https:\/\/medjugorje-news.com\/wp-content\/uploads\/2021\/11\/svijeca_za_pokojne.jpg","datePublished":"2026-03-26T08:39:58+00:00","dateModified":"2026-03-26T08:40:00+00:00","description":"Na obljetnicu ratnog zlo\u010dina u Orli\u0161tu podsje\u0107a se na 25. o\u017eujka 1993., kada su ubijena \u010detiri hrvatska civila, a selo oplja\u010dkano i spaljeno","breadcrumb":{"@id":"https:\/\/medjugorje-news.com\/krvava-blagovijest-1993-armija-bih-zavila-orliste-u-crno-masakar-nad-cetvero-hrvatskih-civila\/#breadcrumb"},"inLanguage":"en-US","potentialAction":[{"@type":"ReadAction","target":["https:\/\/medjugorje-news.com\/krvava-blagovijest-1993-armija-bih-zavila-orliste-u-crno-masakar-nad-cetvero-hrvatskih-civila\/"]}]},{"@type":"ImageObject","inLanguage":"en-US","@id":"https:\/\/medjugorje-news.com\/krvava-blagovijest-1993-armija-bih-zavila-orliste-u-crno-masakar-nad-cetvero-hrvatskih-civila\/#primaryimage","url":"https:\/\/medjugorje-news.com\/wp-content\/uploads\/2021\/11\/svijeca_za_pokojne.jpg","contentUrl":"https:\/\/medjugorje-news.com\/wp-content\/uploads\/2021\/11\/svijeca_za_pokojne.jpg","width":600,"height":350},{"@type":"BreadcrumbList","@id":"https:\/\/medjugorje-news.com\/krvava-blagovijest-1993-armija-bih-zavila-orliste-u-crno-masakar-nad-cetvero-hrvatskih-civila\/#breadcrumb","itemListElement":[{"@type":"ListItem","position":1,"name":"Home","item":"https:\/\/medjugorje-news.com\/"},{"@type":"ListItem","position":2,"name":"Krvava Blagovijest 1993.: Armija BiH zavila Orli\u0161te u crno &#8211; masakar nad \u010detvero hrvatskih civila"}]},{"@type":"WebSite","@id":"https:\/\/medjugorje-news.com\/#website","url":"https:\/\/medjugorje-news.com\/","name":"Medjugorje News","description":"Portal iz \u017eupe Me\u0111ugorje","publisher":{"@id":"https:\/\/medjugorje-news.com\/#organization"},"potentialAction":[{"@type":"SearchAction","target":{"@type":"EntryPoint","urlTemplate":"https:\/\/medjugorje-news.com\/?s={search_term_string}"},"query-input":{"@type":"PropertyValueSpecification","valueRequired":true,"valueName":"search_term_string"}}],"inLanguage":"en-US"},{"@type":"Organization","@id":"https:\/\/medjugorje-news.com\/#organization","name":"Medjugorje News","url":"https:\/\/medjugorje-news.com\/","logo":{"@type":"ImageObject","inLanguage":"en-US","@id":"https:\/\/medjugorje-news.com\/#\/schema\/logo\/image\/","url":"https:\/\/medjugorje-news.com\/wp-content\/uploads\/2020\/07\/107999326_321991458828825_8590474612062969928_n.jpg","contentUrl":"https:\/\/medjugorje-news.com\/wp-content\/uploads\/2020\/07\/107999326_321991458828825_8590474612062969928_n.jpg","width":280,"height":280,"caption":"Medjugorje News"},"image":{"@id":"https:\/\/medjugorje-news.com\/#\/schema\/logo\/image\/"},"sameAs":["https:\/\/www.facebook.com\/medjugorjevijesti","https:\/\/www.youtube.com\/channel\/UCkkJYsL3Tk48DBarV9Bn87A?view_as=subscriber"]},{"@type":"Person","@id":"https:\/\/medjugorje-news.com\/#\/schema\/person\/76a61a62e7d533bc53f155890018eb6f","name":"maja","image":{"@type":"ImageObject","inLanguage":"en-US","@id":"https:\/\/secure.gravatar.com\/avatar\/721dc601bd9ec139c2fa68eb22de335a3e6087c450289d8ab5651bcd8a4b1121?s=96&d=mm&r=g","url":"https:\/\/secure.gravatar.com\/avatar\/721dc601bd9ec139c2fa68eb22de335a3e6087c450289d8ab5651bcd8a4b1121?s=96&d=mm&r=g","contentUrl":"https:\/\/secure.gravatar.com\/avatar\/721dc601bd9ec139c2fa68eb22de335a3e6087c450289d8ab5651bcd8a4b1121?s=96&d=mm&r=g","caption":"maja"},"url":"https:\/\/medjugorje-news.com\/en\/author\/maja\/"}]}},"_links":{"self":[{"href":"https:\/\/medjugorje-news.com\/en\/wp-json\/wp\/v2\/posts\/40028","targetHints":{"allow":["GET"]}}],"collection":[{"href":"https:\/\/medjugorje-news.com\/en\/wp-json\/wp\/v2\/posts"}],"about":[{"href":"https:\/\/medjugorje-news.com\/en\/wp-json\/wp\/v2\/types\/post"}],"author":[{"embeddable":true,"href":"https:\/\/medjugorje-news.com\/en\/wp-json\/wp\/v2\/users\/4"}],"replies":[{"embeddable":true,"href":"https:\/\/medjugorje-news.com\/en\/wp-json\/wp\/v2\/comments?post=40028"}],"version-history":[{"count":0,"href":"https:\/\/medjugorje-news.com\/en\/wp-json\/wp\/v2\/posts\/40028\/revisions"}],"wp:featuredmedia":[{"embeddable":true,"href":"https:\/\/medjugorje-news.com\/en\/wp-json\/wp\/v2\/media\/19541"}],"wp:attachment":[{"href":"https:\/\/medjugorje-news.com\/en\/wp-json\/wp\/v2\/media?parent=40028"}],"wp:term":[{"taxonomy":"category","embeddable":true,"href":"https:\/\/medjugorje-news.com\/en\/wp-json\/wp\/v2\/categories?post=40028"},{"taxonomy":"post_tag","embeddable":true,"href":"https:\/\/medjugorje-news.com\/en\/wp-json\/wp\/v2\/tags?post=40028"}],"curies":[{"name":"wp","href":"https:\/\/api.w.org\/{rel}","templated":true}]}}