{"id":39991,"date":"2026-03-24T09:15:22","date_gmt":"2026-03-24T08:15:22","guid":{"rendered":"https:\/\/medjugorje-news.com\/?p=39991"},"modified":"2026-03-24T09:15:22","modified_gmt":"2026-03-24T08:15:22","slug":"promjene-u-samostanu-na-stupu-izabrana-nova-uprava-karmela-bezgresne-kraljice-karmela","status":"publish","type":"post","link":"https:\/\/medjugorje-news.com\/en\/promjene-u-samostanu-na-stupu-izabrana-nova-uprava-karmela-bezgresne-kraljice-karmela\/","title":{"rendered":"Promjene u samostanu na Stupu: izabrana nova uprava Karmela Bezgre\u0161ne Kraljice Karmela"},"content":{"rendered":"<p><strong>U samostanu Bezgre\u0161ne Kraljice Karmela u sarajevskom naselju Stup 23. o\u017eujka 2026. odr\u017ean je redoviti izborni kapitul na kojem je izabrana nova uprava zajednice karmeli\u0107anki<\/strong><\/p>\n\n\n\n<p>U&nbsp;samostanu Bezgre\u0161ne Kraljice Karmela u sarajevskom naselju Stup&nbsp;u ponedjeljak, 23.&nbsp;o\u017eujka 2026., odr\u017ean je redoviti izborni kapitul, priop\u0107ile&nbsp;su sestre&nbsp;karmeli\u0107anke&nbsp;iz samostana Bezgre\u0161ne Kraljice Karmela.&nbsp;Nakon svete mise u kojoj se molilo za blagoslov zajednice i vodstvo Duha Svetoga, koju je predslavio&nbsp;vrhbosanski nadbiskup mons. Tomo Vuk\u0161i\u0107&nbsp;uz koncelebraciju&nbsp;fra \u0160ime Ivelja, OFM, pre\u010d. Mladena Kalfi\u0107a i vl\u010d. Marina Petrovi\u0107a, pristupilo se izboru&nbsp;nove uprave samostana. Izborima je predsjedao mons. Tomo Vuk\u0161i\u0107 u pratnji sudskog vikara fra \u0160ime Ivelja i kancelara pre\u010d. Mladena Kalfi\u0107a, a na slu\u017ebe u zajednici izabrane su:<\/p>\n\n\n\n<ul class=\"wp-block-list\">\n<li>s. M. Ivana od Dobrog Pastira (Ivanka \u010corda)\u00a0&#8211; priorica,<\/li>\n\n\n\n<li>s. T. Marija od Gospodina Isusa i Svete Crkve (Maria Selinger)\u00a0&#8211; subpriorica i I. savjetnica,<\/li>\n\n\n\n<li>s. M. Jelena od Krista Kralja (Jelica Lipi\u0107)\u00a0&#8211; II. savjetnica,<\/li>\n\n\n\n<li>s. M. Alojzija od Krista Kralja (Delfica \u010carapina)\u00a0&#8211; III. savjetnica.<\/li>\n<\/ul>\n\n\n\n<p>Izbornom kapitulu prethodila je kanonska vizitacija u subotu, 14. o\u017eujka 2026. Sarajevsku zajednicu sestara karmeli\u0107anki tom su prigodom slu\u017ebeno pohodili njezin ordinarij nadbiskup mons. Tomo Vuk\u0161i\u0107 i s. M. Petra od Presvete Euharistije (Fi\u0161ter), predsjednica Federacije \u201eBla\u017eeni Alojzije Stepinac&#8221; samostana bosonogih karmeli\u0107anki u Hrvatskoj, Bosni i Hercegovini, Sloveniji i Albaniji.<\/p>\n\n\n\n<p>Toga dana sarajevski Karmel tako\u0111er je posjetio i novi vojni biskup u BiH fra Miro Relota kako bi djelovanje u svojoj odgovornoj slu\u017ebi preporu\u010dio sestrama u molitve.<\/p>\n\n\n\n<p><a href=\"https:\/\/medjugorje-news.com\/en\/\">www.medjugorje-news.com<\/a><\/p>","protected":false},"excerpt":{"rendered":"<p>U samostanu Bezgre\u0161ne Kraljice Karmela u sarajevskom naselju Stup 23. o\u017eujka 2026. odr\u017ean je redoviti izborni kapitul na kojem je izabrana nova uprava zajednice karmeli\u0107anki U&nbsp;samostanu Bezgre\u0161ne Kraljice Karmela u sarajevskom naselju Stup&nbsp;u ponedjeljak, 23.&nbsp;o\u017eujka 2026., odr\u017ean je redoviti izborni kapitul, priop\u0107ile&nbsp;su sestre&nbsp;karmeli\u0107anke&nbsp;iz samostana Bezgre\u0161ne Kraljice Karmela.&nbsp;Nakon svete mise u kojoj se molilo za blagoslov &hellip;<\/p>","protected":false},"author":4,"featured_media":39993,"comment_status":"open","ping_status":"open","sticky":false,"template":"","format":"standard","meta":{"footnotes":""},"categories":[5,21],"tags":[21742,19645,21743,21746,21744,21739,19415,18379,21748,21745,21738,19080,19859,21740,17614,21737,21741,20735,21747],"class_list":["post-39991","post","type-post","status-publish","format-standard","has-post-thumbnail","hentry","category-bih","category-crkva","tag-crkva-u-bih","tag-duhovni-zivot","tag-fra-miro-relota","tag-izborni-kapitul","tag-kanonska-vizitacija","tag-karmel-stup","tag-karmelicanke","tag-katolicka-crkva","tag-mons-tomo-vuksic","tag-nova-uprava","tag-priorica","tag-redovnice","tag-samostan","tag-samostan-bezgresne-kraljice-karmela","tag-sarajevo","tag-sarajevski-karmel","tag-subpriorica","tag-tomo-vuksic","tag-vrhbosanska-nadbiskupija"],"yoast_head":"<!-- This site is optimized with the Yoast SEO plugin v27.4 - https:\/\/yoast.com\/product\/yoast-seo-wordpress\/ -->\n<title>Promjene u samostanu na Stupu: izabrana nova uprava Karmela Bezgre\u0161ne Kraljice Karmela<\/title>\n<meta name=\"description\" content=\"U samostanu Bezgre\u0161ne Kraljice Karmela u sarajevskom naselju Stup odr\u017ean je izborni kapitul na kojem je izabrana nova uprava zajednice\" \/>\n<meta name=\"robots\" content=\"index, follow, max-snippet:-1, max-image-preview:large, max-video-preview:-1\" \/>\n<link rel=\"canonical\" href=\"https:\/\/medjugorje-news.com\/en\/promjene-u-samostanu-na-stupu-izabrana-nova-uprava-karmela-bezgresne-kraljice-karmela\/\" \/>\n<meta property=\"og:locale\" content=\"en_US\" \/>\n<meta property=\"og:type\" content=\"article\" \/>\n<meta property=\"og:title\" content=\"Promjene u samostanu na Stupu: izabrana nova uprava Karmela Bezgre\u0161ne Kraljice Karmela\" \/>\n<meta property=\"og:description\" content=\"U samostanu Bezgre\u0161ne Kraljice Karmela u sarajevskom naselju Stup odr\u017ean je izborni kapitul na kojem je izabrana nova uprava zajednice\" \/>\n<meta property=\"og:url\" content=\"https:\/\/medjugorje-news.com\/en\/promjene-u-samostanu-na-stupu-izabrana-nova-uprava-karmela-bezgresne-kraljice-karmela\/\" \/>\n<meta property=\"og:site_name\" content=\"Medjugorje News\" \/>\n<meta property=\"article:publisher\" content=\"https:\/\/www.facebook.com\/medjugorjevijesti\" \/>\n<meta property=\"article:published_time\" content=\"2026-03-24T08:15:22+00:00\" \/>\n<meta property=\"og:image\" content=\"https:\/\/medjugorje-news.com\/wp-content\/uploads\/2026\/03\/image004.jpg\" \/>\n\t<meta property=\"og:image:width\" content=\"1024\" \/>\n\t<meta property=\"og:image:height\" content=\"707\" \/>\n\t<meta property=\"og:image:type\" content=\"image\/jpeg\" \/>\n<meta name=\"author\" content=\"maja\" \/>\n<meta name=\"twitter:card\" content=\"summary_large_image\" \/>\n<meta name=\"twitter:label1\" content=\"Written by\" \/>\n\t<meta name=\"twitter:data1\" content=\"maja\" \/>\n\t<meta name=\"twitter:label2\" content=\"Est. reading time\" \/>\n\t<meta name=\"twitter:data2\" content=\"2 minutes\" \/>\n<script type=\"application\/ld+json\" class=\"yoast-schema-graph\">{\"@context\":\"https:\\\/\\\/schema.org\",\"@graph\":[{\"@type\":\"Article\",\"@id\":\"https:\\\/\\\/medjugorje-news.com\\\/promjene-u-samostanu-na-stupu-izabrana-nova-uprava-karmela-bezgresne-kraljice-karmela\\\/#article\",\"isPartOf\":{\"@id\":\"https:\\\/\\\/medjugorje-news.com\\\/promjene-u-samostanu-na-stupu-izabrana-nova-uprava-karmela-bezgresne-kraljice-karmela\\\/\"},\"author\":{\"name\":\"maja\",\"@id\":\"https:\\\/\\\/medjugorje-news.com\\\/#\\\/schema\\\/person\\\/76a61a62e7d533bc53f155890018eb6f\"},\"headline\":\"Promjene u samostanu na Stupu: izabrana nova uprava Karmela Bezgre\u0161ne Kraljice Karmela\",\"datePublished\":\"2026-03-24T08:15:22+00:00\",\"mainEntityOfPage\":{\"@id\":\"https:\\\/\\\/medjugorje-news.com\\\/promjene-u-samostanu-na-stupu-izabrana-nova-uprava-karmela-bezgresne-kraljice-karmela\\\/\"},\"wordCount\":291,\"commentCount\":0,\"publisher\":{\"@id\":\"https:\\\/\\\/medjugorje-news.com\\\/#organization\"},\"image\":{\"@id\":\"https:\\\/\\\/medjugorje-news.com\\\/promjene-u-samostanu-na-stupu-izabrana-nova-uprava-karmela-bezgresne-kraljice-karmela\\\/#primaryimage\"},\"thumbnailUrl\":\"https:\\\/\\\/medjugorje-news.com\\\/wp-content\\\/uploads\\\/2026\\\/03\\\/image004.jpg\",\"keywords\":[\"Crkva u BiH\",\"duhovni \u017eivot\",\"fra Miro Relota\",\"izborni kapitul\",\"kanonska vizitacija\",\"Karmel Stup\",\"karmeli\u0107anke\",\"katoli\u010dka crkva\",\"mons. Tomo Vuk\u0161i\u0107\",\"nova uprava\",\"priorica\",\"redovnice\",\"Samostan\",\"samostan Bezgre\u0161ne Kraljice Karmela\",\"sarajevo\",\"Sarajevski Karmel\",\"subpriorica\",\"Tomo Vuk\u0161i\u0107\",\"Vrhbosanska nadbiskupija\"],\"articleSection\":[\"BiH\",\"CRKVA\"],\"inLanguage\":\"en-US\",\"potentialAction\":[{\"@type\":\"CommentAction\",\"name\":\"Comment\",\"target\":[\"https:\\\/\\\/medjugorje-news.com\\\/promjene-u-samostanu-na-stupu-izabrana-nova-uprava-karmela-bezgresne-kraljice-karmela\\\/#respond\"]}]},{\"@type\":\"WebPage\",\"@id\":\"https:\\\/\\\/medjugorje-news.com\\\/promjene-u-samostanu-na-stupu-izabrana-nova-uprava-karmela-bezgresne-kraljice-karmela\\\/\",\"url\":\"https:\\\/\\\/medjugorje-news.com\\\/promjene-u-samostanu-na-stupu-izabrana-nova-uprava-karmela-bezgresne-kraljice-karmela\\\/\",\"name\":\"Promjene u samostanu na Stupu: izabrana nova uprava Karmela Bezgre\u0161ne Kraljice Karmela\",\"isPartOf\":{\"@id\":\"https:\\\/\\\/medjugorje-news.com\\\/#website\"},\"primaryImageOfPage\":{\"@id\":\"https:\\\/\\\/medjugorje-news.com\\\/promjene-u-samostanu-na-stupu-izabrana-nova-uprava-karmela-bezgresne-kraljice-karmela\\\/#primaryimage\"},\"image\":{\"@id\":\"https:\\\/\\\/medjugorje-news.com\\\/promjene-u-samostanu-na-stupu-izabrana-nova-uprava-karmela-bezgresne-kraljice-karmela\\\/#primaryimage\"},\"thumbnailUrl\":\"https:\\\/\\\/medjugorje-news.com\\\/wp-content\\\/uploads\\\/2026\\\/03\\\/image004.jpg\",\"datePublished\":\"2026-03-24T08:15:22+00:00\",\"description\":\"U samostanu Bezgre\u0161ne Kraljice Karmela u sarajevskom naselju Stup odr\u017ean je izborni kapitul na kojem je izabrana nova uprava zajednice\",\"breadcrumb\":{\"@id\":\"https:\\\/\\\/medjugorje-news.com\\\/promjene-u-samostanu-na-stupu-izabrana-nova-uprava-karmela-bezgresne-kraljice-karmela\\\/#breadcrumb\"},\"inLanguage\":\"en-US\",\"potentialAction\":[{\"@type\":\"ReadAction\",\"target\":[\"https:\\\/\\\/medjugorje-news.com\\\/promjene-u-samostanu-na-stupu-izabrana-nova-uprava-karmela-bezgresne-kraljice-karmela\\\/\"]}]},{\"@type\":\"ImageObject\",\"inLanguage\":\"en-US\",\"@id\":\"https:\\\/\\\/medjugorje-news.com\\\/promjene-u-samostanu-na-stupu-izabrana-nova-uprava-karmela-bezgresne-kraljice-karmela\\\/#primaryimage\",\"url\":\"https:\\\/\\\/medjugorje-news.com\\\/wp-content\\\/uploads\\\/2026\\\/03\\\/image004.jpg\",\"contentUrl\":\"https:\\\/\\\/medjugorje-news.com\\\/wp-content\\\/uploads\\\/2026\\\/03\\\/image004.jpg\",\"width\":1024,\"height\":707},{\"@type\":\"BreadcrumbList\",\"@id\":\"https:\\\/\\\/medjugorje-news.com\\\/promjene-u-samostanu-na-stupu-izabrana-nova-uprava-karmela-bezgresne-kraljice-karmela\\\/#breadcrumb\",\"itemListElement\":[{\"@type\":\"ListItem\",\"position\":1,\"name\":\"Home\",\"item\":\"https:\\\/\\\/medjugorje-news.com\\\/\"},{\"@type\":\"ListItem\",\"position\":2,\"name\":\"Promjene u samostanu na Stupu: izabrana nova uprava Karmela Bezgre\u0161ne Kraljice Karmela\"}]},{\"@type\":\"WebSite\",\"@id\":\"https:\\\/\\\/medjugorje-news.com\\\/#website\",\"url\":\"https:\\\/\\\/medjugorje-news.com\\\/\",\"name\":\"Medjugorje News\",\"description\":\"Portal iz \u017eupe Me\u0111ugorje\",\"publisher\":{\"@id\":\"https:\\\/\\\/medjugorje-news.com\\\/#organization\"},\"potentialAction\":[{\"@type\":\"SearchAction\",\"target\":{\"@type\":\"EntryPoint\",\"urlTemplate\":\"https:\\\/\\\/medjugorje-news.com\\\/?s={search_term_string}\"},\"query-input\":{\"@type\":\"PropertyValueSpecification\",\"valueRequired\":true,\"valueName\":\"search_term_string\"}}],\"inLanguage\":\"en-US\"},{\"@type\":\"Organization\",\"@id\":\"https:\\\/\\\/medjugorje-news.com\\\/#organization\",\"name\":\"Medjugorje News\",\"url\":\"https:\\\/\\\/medjugorje-news.com\\\/\",\"logo\":{\"@type\":\"ImageObject\",\"inLanguage\":\"en-US\",\"@id\":\"https:\\\/\\\/medjugorje-news.com\\\/#\\\/schema\\\/logo\\\/image\\\/\",\"url\":\"https:\\\/\\\/medjugorje-news.com\\\/wp-content\\\/uploads\\\/2020\\\/07\\\/107999326_321991458828825_8590474612062969928_n.jpg\",\"contentUrl\":\"https:\\\/\\\/medjugorje-news.com\\\/wp-content\\\/uploads\\\/2020\\\/07\\\/107999326_321991458828825_8590474612062969928_n.jpg\",\"width\":280,\"height\":280,\"caption\":\"Medjugorje News\"},\"image\":{\"@id\":\"https:\\\/\\\/medjugorje-news.com\\\/#\\\/schema\\\/logo\\\/image\\\/\"},\"sameAs\":[\"https:\\\/\\\/www.facebook.com\\\/medjugorjevijesti\",\"https:\\\/\\\/www.youtube.com\\\/channel\\\/UCkkJYsL3Tk48DBarV9Bn87A?view_as=subscriber\"]},{\"@type\":\"Person\",\"@id\":\"https:\\\/\\\/medjugorje-news.com\\\/#\\\/schema\\\/person\\\/76a61a62e7d533bc53f155890018eb6f\",\"name\":\"maja\",\"image\":{\"@type\":\"ImageObject\",\"inLanguage\":\"en-US\",\"@id\":\"https:\\\/\\\/secure.gravatar.com\\\/avatar\\\/721dc601bd9ec139c2fa68eb22de335a3e6087c450289d8ab5651bcd8a4b1121?s=96&d=mm&r=g\",\"url\":\"https:\\\/\\\/secure.gravatar.com\\\/avatar\\\/721dc601bd9ec139c2fa68eb22de335a3e6087c450289d8ab5651bcd8a4b1121?s=96&d=mm&r=g\",\"contentUrl\":\"https:\\\/\\\/secure.gravatar.com\\\/avatar\\\/721dc601bd9ec139c2fa68eb22de335a3e6087c450289d8ab5651bcd8a4b1121?s=96&d=mm&r=g\",\"caption\":\"maja\"},\"url\":\"https:\\\/\\\/medjugorje-news.com\\\/en\\\/author\\\/maja\\\/\"}]}<\/script>\n<!-- \/ Yoast SEO plugin. -->","yoast_head_json":{"title":"Promjene u samostanu na Stupu: izabrana nova uprava Karmela Bezgre\u0161ne Kraljice Karmela","description":"U samostanu Bezgre\u0161ne Kraljice Karmela u sarajevskom naselju Stup odr\u017ean je izborni kapitul na kojem je izabrana nova uprava zajednice","robots":{"index":"index","follow":"follow","max-snippet":"max-snippet:-1","max-image-preview":"max-image-preview:large","max-video-preview":"max-video-preview:-1"},"canonical":"https:\/\/medjugorje-news.com\/en\/promjene-u-samostanu-na-stupu-izabrana-nova-uprava-karmela-bezgresne-kraljice-karmela\/","og_locale":"en_US","og_type":"article","og_title":"Promjene u samostanu na Stupu: izabrana nova uprava Karmela Bezgre\u0161ne Kraljice Karmela","og_description":"U samostanu Bezgre\u0161ne Kraljice Karmela u sarajevskom naselju Stup odr\u017ean je izborni kapitul na kojem je izabrana nova uprava zajednice","og_url":"https:\/\/medjugorje-news.com\/en\/promjene-u-samostanu-na-stupu-izabrana-nova-uprava-karmela-bezgresne-kraljice-karmela\/","og_site_name":"Medjugorje News","article_publisher":"https:\/\/www.facebook.com\/medjugorjevijesti","article_published_time":"2026-03-24T08:15:22+00:00","og_image":[{"width":1024,"height":707,"url":"https:\/\/medjugorje-news.com\/wp-content\/uploads\/2026\/03\/image004.jpg","type":"image\/jpeg"}],"author":"maja","twitter_card":"summary_large_image","twitter_misc":{"Written by":"maja","Est. reading time":"2 minutes"},"schema":{"@context":"https:\/\/schema.org","@graph":[{"@type":"Article","@id":"https:\/\/medjugorje-news.com\/promjene-u-samostanu-na-stupu-izabrana-nova-uprava-karmela-bezgresne-kraljice-karmela\/#article","isPartOf":{"@id":"https:\/\/medjugorje-news.com\/promjene-u-samostanu-na-stupu-izabrana-nova-uprava-karmela-bezgresne-kraljice-karmela\/"},"author":{"name":"maja","@id":"https:\/\/medjugorje-news.com\/#\/schema\/person\/76a61a62e7d533bc53f155890018eb6f"},"headline":"Promjene u samostanu na Stupu: izabrana nova uprava Karmela Bezgre\u0161ne Kraljice Karmela","datePublished":"2026-03-24T08:15:22+00:00","mainEntityOfPage":{"@id":"https:\/\/medjugorje-news.com\/promjene-u-samostanu-na-stupu-izabrana-nova-uprava-karmela-bezgresne-kraljice-karmela\/"},"wordCount":291,"commentCount":0,"publisher":{"@id":"https:\/\/medjugorje-news.com\/#organization"},"image":{"@id":"https:\/\/medjugorje-news.com\/promjene-u-samostanu-na-stupu-izabrana-nova-uprava-karmela-bezgresne-kraljice-karmela\/#primaryimage"},"thumbnailUrl":"https:\/\/medjugorje-news.com\/wp-content\/uploads\/2026\/03\/image004.jpg","keywords":["Crkva u BiH","duhovni \u017eivot","fra Miro Relota","izborni kapitul","kanonska vizitacija","Karmel Stup","karmeli\u0107anke","katoli\u010dka crkva","mons. Tomo Vuk\u0161i\u0107","nova uprava","priorica","redovnice","Samostan","samostan Bezgre\u0161ne Kraljice Karmela","sarajevo","Sarajevski Karmel","subpriorica","Tomo Vuk\u0161i\u0107","Vrhbosanska nadbiskupija"],"articleSection":["BiH","CRKVA"],"inLanguage":"en-US","potentialAction":[{"@type":"CommentAction","name":"Comment","target":["https:\/\/medjugorje-news.com\/promjene-u-samostanu-na-stupu-izabrana-nova-uprava-karmela-bezgresne-kraljice-karmela\/#respond"]}]},{"@type":"WebPage","@id":"https:\/\/medjugorje-news.com\/promjene-u-samostanu-na-stupu-izabrana-nova-uprava-karmela-bezgresne-kraljice-karmela\/","url":"https:\/\/medjugorje-news.com\/promjene-u-samostanu-na-stupu-izabrana-nova-uprava-karmela-bezgresne-kraljice-karmela\/","name":"Promjene u samostanu na Stupu: izabrana nova uprava Karmela Bezgre\u0161ne Kraljice Karmela","isPartOf":{"@id":"https:\/\/medjugorje-news.com\/#website"},"primaryImageOfPage":{"@id":"https:\/\/medjugorje-news.com\/promjene-u-samostanu-na-stupu-izabrana-nova-uprava-karmela-bezgresne-kraljice-karmela\/#primaryimage"},"image":{"@id":"https:\/\/medjugorje-news.com\/promjene-u-samostanu-na-stupu-izabrana-nova-uprava-karmela-bezgresne-kraljice-karmela\/#primaryimage"},"thumbnailUrl":"https:\/\/medjugorje-news.com\/wp-content\/uploads\/2026\/03\/image004.jpg","datePublished":"2026-03-24T08:15:22+00:00","description":"U samostanu Bezgre\u0161ne Kraljice Karmela u sarajevskom naselju Stup odr\u017ean je izborni kapitul na kojem je izabrana nova uprava zajednice","breadcrumb":{"@id":"https:\/\/medjugorje-news.com\/promjene-u-samostanu-na-stupu-izabrana-nova-uprava-karmela-bezgresne-kraljice-karmela\/#breadcrumb"},"inLanguage":"en-US","potentialAction":[{"@type":"ReadAction","target":["https:\/\/medjugorje-news.com\/promjene-u-samostanu-na-stupu-izabrana-nova-uprava-karmela-bezgresne-kraljice-karmela\/"]}]},{"@type":"ImageObject","inLanguage":"en-US","@id":"https:\/\/medjugorje-news.com\/promjene-u-samostanu-na-stupu-izabrana-nova-uprava-karmela-bezgresne-kraljice-karmela\/#primaryimage","url":"https:\/\/medjugorje-news.com\/wp-content\/uploads\/2026\/03\/image004.jpg","contentUrl":"https:\/\/medjugorje-news.com\/wp-content\/uploads\/2026\/03\/image004.jpg","width":1024,"height":707},{"@type":"BreadcrumbList","@id":"https:\/\/medjugorje-news.com\/promjene-u-samostanu-na-stupu-izabrana-nova-uprava-karmela-bezgresne-kraljice-karmela\/#breadcrumb","itemListElement":[{"@type":"ListItem","position":1,"name":"Home","item":"https:\/\/medjugorje-news.com\/"},{"@type":"ListItem","position":2,"name":"Promjene u samostanu na Stupu: izabrana nova uprava Karmela Bezgre\u0161ne Kraljice Karmela"}]},{"@type":"WebSite","@id":"https:\/\/medjugorje-news.com\/#website","url":"https:\/\/medjugorje-news.com\/","name":"Medjugorje News","description":"Portal iz \u017eupe Me\u0111ugorje","publisher":{"@id":"https:\/\/medjugorje-news.com\/#organization"},"potentialAction":[{"@type":"SearchAction","target":{"@type":"EntryPoint","urlTemplate":"https:\/\/medjugorje-news.com\/?s={search_term_string}"},"query-input":{"@type":"PropertyValueSpecification","valueRequired":true,"valueName":"search_term_string"}}],"inLanguage":"en-US"},{"@type":"Organization","@id":"https:\/\/medjugorje-news.com\/#organization","name":"Medjugorje News","url":"https:\/\/medjugorje-news.com\/","logo":{"@type":"ImageObject","inLanguage":"en-US","@id":"https:\/\/medjugorje-news.com\/#\/schema\/logo\/image\/","url":"https:\/\/medjugorje-news.com\/wp-content\/uploads\/2020\/07\/107999326_321991458828825_8590474612062969928_n.jpg","contentUrl":"https:\/\/medjugorje-news.com\/wp-content\/uploads\/2020\/07\/107999326_321991458828825_8590474612062969928_n.jpg","width":280,"height":280,"caption":"Medjugorje News"},"image":{"@id":"https:\/\/medjugorje-news.com\/#\/schema\/logo\/image\/"},"sameAs":["https:\/\/www.facebook.com\/medjugorjevijesti","https:\/\/www.youtube.com\/channel\/UCkkJYsL3Tk48DBarV9Bn87A?view_as=subscriber"]},{"@type":"Person","@id":"https:\/\/medjugorje-news.com\/#\/schema\/person\/76a61a62e7d533bc53f155890018eb6f","name":"maja","image":{"@type":"ImageObject","inLanguage":"en-US","@id":"https:\/\/secure.gravatar.com\/avatar\/721dc601bd9ec139c2fa68eb22de335a3e6087c450289d8ab5651bcd8a4b1121?s=96&d=mm&r=g","url":"https:\/\/secure.gravatar.com\/avatar\/721dc601bd9ec139c2fa68eb22de335a3e6087c450289d8ab5651bcd8a4b1121?s=96&d=mm&r=g","contentUrl":"https:\/\/secure.gravatar.com\/avatar\/721dc601bd9ec139c2fa68eb22de335a3e6087c450289d8ab5651bcd8a4b1121?s=96&d=mm&r=g","caption":"maja"},"url":"https:\/\/medjugorje-news.com\/en\/author\/maja\/"}]}},"_links":{"self":[{"href":"https:\/\/medjugorje-news.com\/en\/wp-json\/wp\/v2\/posts\/39991","targetHints":{"allow":["GET"]}}],"collection":[{"href":"https:\/\/medjugorje-news.com\/en\/wp-json\/wp\/v2\/posts"}],"about":[{"href":"https:\/\/medjugorje-news.com\/en\/wp-json\/wp\/v2\/types\/post"}],"author":[{"embeddable":true,"href":"https:\/\/medjugorje-news.com\/en\/wp-json\/wp\/v2\/users\/4"}],"replies":[{"embeddable":true,"href":"https:\/\/medjugorje-news.com\/en\/wp-json\/wp\/v2\/comments?post=39991"}],"version-history":[{"count":0,"href":"https:\/\/medjugorje-news.com\/en\/wp-json\/wp\/v2\/posts\/39991\/revisions"}],"wp:featuredmedia":[{"embeddable":true,"href":"https:\/\/medjugorje-news.com\/en\/wp-json\/wp\/v2\/media\/39993"}],"wp:attachment":[{"href":"https:\/\/medjugorje-news.com\/en\/wp-json\/wp\/v2\/media?parent=39991"}],"wp:term":[{"taxonomy":"category","embeddable":true,"href":"https:\/\/medjugorje-news.com\/en\/wp-json\/wp\/v2\/categories?post=39991"},{"taxonomy":"post_tag","embeddable":true,"href":"https:\/\/medjugorje-news.com\/en\/wp-json\/wp\/v2\/tags?post=39991"}],"curies":[{"name":"wp","href":"https:\/\/api.w.org\/{rel}","templated":true}]}}