{"id":37477,"date":"2025-06-29T15:28:28","date_gmt":"2025-06-29T13:28:28","guid":{"rendered":"https:\/\/medjugorje-news.com\/?p=37477"},"modified":"2025-06-29T15:28:37","modified_gmt":"2025-06-29T13:28:37","slug":"medugorje-preminuo-fra-slavko-soldo-u-79-godini-i-na-godisnjicu-svoga-redenja","status":"publish","type":"post","link":"https:\/\/medjugorje-news.com\/en\/medugorje-preminuo-fra-slavko-soldo-u-79-godini-i-na-godisnjicu-svoga-redenja\/","title":{"rendered":"ME\u0110UGORJE Preminuo fra Slavko Soldo &#8211; u 79. godini i na godi\u0161njicu svoga re\u0111enja"},"content":{"rendered":"<p><strong>Jutros, 29. lipnja, na svetkovinu svetih Petra i Pavla i na godi\u0161njicu svoga re\u0111enja, u Me\u0111ugorju, opremljen svetim sakramentima, preminuo je umro je sve\u0107enik Hercegova\u010dke franjeva\u010dke provincije fra Slavko Soldo, u 79. godini \u017eivota, 58. godini redovni\u0161tva i 53. godini sve\u0107eni\u0161tva.<\/strong><\/p>\n\n\n\n<p>Sveta misa zadu\u0161nica slavit \u0107e se u ponedjeljak, 30. lipnja 2025. u 15 sati u crkvi svetog Jakova u Me\u0111ugorju. Nakon svete mise sprovodni obredi i ukop bit \u0107e na groblju Kova\u010dica u Me\u0111ugorju.<\/p>\n\n\n\n<p>Fra Slavko Soldo ro\u0111en je u Me\u0111ugorju 1946. godine. Srednju \u0161kolu polazio je u Dubrovniku. Studij filozofije i teologije zapo\u010deo je u Sarajevu, a nastavio u Trentu i zavr\u0161io u Rimu. Za sve\u0107enika je bio zare\u0111en 1972. u K\u00f6nigsteinu. Odlazi u Kustodiju Hercegova\u010dke franjeva\u010dke provincije u SAD 1973. u samostan sv. Ante u Chicagu. Domalo odlazi u Washington DC gdje u\u010di engleski jezik na Georgetown University. Slu\u017ebe u Kustodiji: Duhovni&nbsp; pomo\u0107nik u \u017eupi sv. Augustin u West Allisu od 1974. do 1975.; duhovni pomo\u0107nik u \u017eupi sv. \u0106irila i Metoda u New Yorku od 1975. do 1977.; duhovni pomo\u0107nik u \u017eupi Sv. Jeronima u Chicagu od 1977. do 1979.; \u017eupnik u \u017eupi sv. \u0106irila i Metoda u New Yorku od 1979. do 1986. ; \u017eupnik u \u017eupi sv. Augustina u West Allisu od 1986. do 1988.; \u017eupnik u \u017eupi Sv. Marije u Steeltonu od 1988. do 1989. ; \u017eupnik u \u017eupi sv. \u0106irila i Metoda u New Yorku od 1989. do 1994. ; za kustosa Franjeva\u010dke kustodije sa sjedi\u0161tem u Chicagu, izabran 1994. i ostao u slu\u017ebi do 29. lipnja 2001.; provincijal Hercegova\u010dke franjeva\u010dke provincije sa sjedi\u0161tem u Mostaru od 29. lipnja 2001. do travnja 2007.; me\u0161tar novaka&nbsp; u samostanu sv. Ante na Humcu od 18. rujna 2007. do 15. srpnja 2016.; u West Allisu je 1987. utemeljio i vodio \u00bbHrvatski vjerski radio program\u00ab. \u00bbFond za pomo\u0107 stradalnicima Domovinskog rata\u00ab osnovao je u New Yorku 1991. Fond je djelovao za sve vrijeme Domovinskog rata. Urednik je: \u00bbKustodijski vjesnik\u00ab 1994. \u2013 2001. Od kolovoza 2016. \u017eupni je vikar u Me\u0111ugorju.<\/p>\n\n\n\n<p><em>Pokoj vje\u010dni daruj mu Gospodine!<\/em><\/p>\n\n\n\n<p><a href=\"https:\/\/medjugorje-news.com\/en\/\">www.medjugorje-news.com<\/a><\/p>","protected":false},"excerpt":{"rendered":"<p>Jutros, 29. lipnja, na svetkovinu svetih Petra i Pavla i na godi\u0161njicu svoga re\u0111enja, u Me\u0111ugorju, opremljen svetim sakramentima, preminuo je umro je sve\u0107enik Hercegova\u010dke franjeva\u010dke provincije fra Slavko Soldo, u 79. godini \u017eivota, 58. godini redovni\u0161tva i 53. godini sve\u0107eni\u0161tva. Sveta misa zadu\u0161nica slavit \u0107e se u ponedjeljak, 30. lipnja 2025. u 15 sati &hellip;<\/p>","protected":false},"author":1,"featured_media":37478,"comment_status":"open","ping_status":"open","sticky":false,"template":"","format":"standard","meta":{"footnotes":""},"categories":[21,3],"tags":[],"class_list":["post-37477","post","type-post","status-publish","format-standard","has-post-thumbnail","hentry","category-crkva","category-medugorje-medjugorje"],"yoast_head":"<!-- This site is optimized with the Yoast SEO plugin v27.4 - https:\/\/yoast.com\/product\/yoast-seo-wordpress\/ -->\n<title>ME\u0110UGORJE Preminuo fra Slavko Soldo - u 79. godini i na godi\u0161njicu svoga re\u0111enja<\/title>\n<meta name=\"description\" content=\"umro je sve\u0107enik Hercegova\u010dke franjeva\u010dke provincije fra Slavko Soldo, u 79. godini \u017eivota, 58. godini redovni\u0161tva i 53. godini sve\u0107eni\u0161tva.\" \/>\n<meta name=\"robots\" content=\"index, follow, max-snippet:-1, max-image-preview:large, max-video-preview:-1\" \/>\n<link rel=\"canonical\" href=\"https:\/\/medjugorje-news.com\/en\/medugorje-preminuo-fra-slavko-soldo-u-79-godini-i-na-godisnjicu-svoga-redenja\/\" \/>\n<meta property=\"og:locale\" content=\"en_US\" \/>\n<meta property=\"og:type\" content=\"article\" \/>\n<meta property=\"og:title\" content=\"ME\u0110UGORJE Preminuo fra Slavko Soldo - u 79. godini i na godi\u0161njicu svoga re\u0111enja\" \/>\n<meta property=\"og:description\" content=\"umro je sve\u0107enik Hercegova\u010dke franjeva\u010dke provincije fra Slavko Soldo, u 79. godini \u017eivota, 58. godini redovni\u0161tva i 53. godini sve\u0107eni\u0161tva.\" \/>\n<meta property=\"og:url\" content=\"https:\/\/medjugorje-news.com\/en\/medugorje-preminuo-fra-slavko-soldo-u-79-godini-i-na-godisnjicu-svoga-redenja\/\" \/>\n<meta property=\"og:site_name\" content=\"Medjugorje News\" \/>\n<meta property=\"article:publisher\" content=\"https:\/\/www.facebook.com\/medjugorjevijesti\" \/>\n<meta property=\"article:published_time\" content=\"2025-06-29T13:28:28+00:00\" \/>\n<meta property=\"article:modified_time\" content=\"2025-06-29T13:28:37+00:00\" \/>\n<meta property=\"og:image\" content=\"https:\/\/medjugorje-news.com\/wp-content\/uploads\/2025\/06\/zlatnamisamedjugorje2022-52-741x486-1-scaled.jpg\" \/>\n\t<meta property=\"og:image:width\" content=\"600\" \/>\n\t<meta property=\"og:image:height\" content=\"394\" \/>\n\t<meta property=\"og:image:type\" content=\"image\/jpeg\" \/>\n<meta name=\"author\" content=\"Medjugorje News\" \/>\n<meta name=\"twitter:card\" content=\"summary_large_image\" \/>\n<meta name=\"twitter:label1\" content=\"Written by\" \/>\n\t<meta name=\"twitter:data1\" content=\"Medjugorje News\" \/>\n\t<meta name=\"twitter:label2\" content=\"Est. reading time\" \/>\n\t<meta name=\"twitter:data2\" content=\"2 minutes\" \/>\n<script type=\"application\/ld+json\" class=\"yoast-schema-graph\">{\"@context\":\"https:\\\/\\\/schema.org\",\"@graph\":[{\"@type\":\"Article\",\"@id\":\"https:\\\/\\\/medjugorje-news.com\\\/medugorje-preminuo-fra-slavko-soldo-u-79-godini-i-na-godisnjicu-svoga-redenja\\\/#article\",\"isPartOf\":{\"@id\":\"https:\\\/\\\/medjugorje-news.com\\\/medugorje-preminuo-fra-slavko-soldo-u-79-godini-i-na-godisnjicu-svoga-redenja\\\/\"},\"author\":{\"name\":\"Medjugorje News\",\"@id\":\"https:\\\/\\\/medjugorje-news.com\\\/#\\\/schema\\\/person\\\/ccbe73f4509f0de208fd9d31b1941e7b\"},\"headline\":\"ME\u0110UGORJE Preminuo fra Slavko Soldo &#8211; u 79. godini i na godi\u0161njicu svoga re\u0111enja\",\"datePublished\":\"2025-06-29T13:28:28+00:00\",\"dateModified\":\"2025-06-29T13:28:37+00:00\",\"mainEntityOfPage\":{\"@id\":\"https:\\\/\\\/medjugorje-news.com\\\/medugorje-preminuo-fra-slavko-soldo-u-79-godini-i-na-godisnjicu-svoga-redenja\\\/\"},\"wordCount\":353,\"commentCount\":0,\"publisher\":{\"@id\":\"https:\\\/\\\/medjugorje-news.com\\\/#organization\"},\"image\":{\"@id\":\"https:\\\/\\\/medjugorje-news.com\\\/medugorje-preminuo-fra-slavko-soldo-u-79-godini-i-na-godisnjicu-svoga-redenja\\\/#primaryimage\"},\"thumbnailUrl\":\"https:\\\/\\\/medjugorje-news.com\\\/wp-content\\\/uploads\\\/2025\\\/06\\\/zlatnamisamedjugorje2022-52-741x486-1-scaled.jpg\",\"articleSection\":[\"CRKVA\",\"ME\u0110UGORJE\"],\"inLanguage\":\"en-US\",\"potentialAction\":[{\"@type\":\"CommentAction\",\"name\":\"Comment\",\"target\":[\"https:\\\/\\\/medjugorje-news.com\\\/medugorje-preminuo-fra-slavko-soldo-u-79-godini-i-na-godisnjicu-svoga-redenja\\\/#respond\"]}]},{\"@type\":\"WebPage\",\"@id\":\"https:\\\/\\\/medjugorje-news.com\\\/medugorje-preminuo-fra-slavko-soldo-u-79-godini-i-na-godisnjicu-svoga-redenja\\\/\",\"url\":\"https:\\\/\\\/medjugorje-news.com\\\/medugorje-preminuo-fra-slavko-soldo-u-79-godini-i-na-godisnjicu-svoga-redenja\\\/\",\"name\":\"ME\u0110UGORJE Preminuo fra Slavko Soldo - u 79. godini i na godi\u0161njicu svoga re\u0111enja\",\"isPartOf\":{\"@id\":\"https:\\\/\\\/medjugorje-news.com\\\/#website\"},\"primaryImageOfPage\":{\"@id\":\"https:\\\/\\\/medjugorje-news.com\\\/medugorje-preminuo-fra-slavko-soldo-u-79-godini-i-na-godisnjicu-svoga-redenja\\\/#primaryimage\"},\"image\":{\"@id\":\"https:\\\/\\\/medjugorje-news.com\\\/medugorje-preminuo-fra-slavko-soldo-u-79-godini-i-na-godisnjicu-svoga-redenja\\\/#primaryimage\"},\"thumbnailUrl\":\"https:\\\/\\\/medjugorje-news.com\\\/wp-content\\\/uploads\\\/2025\\\/06\\\/zlatnamisamedjugorje2022-52-741x486-1-scaled.jpg\",\"datePublished\":\"2025-06-29T13:28:28+00:00\",\"dateModified\":\"2025-06-29T13:28:37+00:00\",\"description\":\"umro je sve\u0107enik Hercegova\u010dke franjeva\u010dke provincije fra Slavko Soldo, u 79. godini \u017eivota, 58. godini redovni\u0161tva i 53. godini sve\u0107eni\u0161tva.\",\"breadcrumb\":{\"@id\":\"https:\\\/\\\/medjugorje-news.com\\\/medugorje-preminuo-fra-slavko-soldo-u-79-godini-i-na-godisnjicu-svoga-redenja\\\/#breadcrumb\"},\"inLanguage\":\"en-US\",\"potentialAction\":[{\"@type\":\"ReadAction\",\"target\":[\"https:\\\/\\\/medjugorje-news.com\\\/medugorje-preminuo-fra-slavko-soldo-u-79-godini-i-na-godisnjicu-svoga-redenja\\\/\"]}]},{\"@type\":\"ImageObject\",\"inLanguage\":\"en-US\",\"@id\":\"https:\\\/\\\/medjugorje-news.com\\\/medugorje-preminuo-fra-slavko-soldo-u-79-godini-i-na-godisnjicu-svoga-redenja\\\/#primaryimage\",\"url\":\"https:\\\/\\\/medjugorje-news.com\\\/wp-content\\\/uploads\\\/2025\\\/06\\\/zlatnamisamedjugorje2022-52-741x486-1-scaled.jpg\",\"contentUrl\":\"https:\\\/\\\/medjugorje-news.com\\\/wp-content\\\/uploads\\\/2025\\\/06\\\/zlatnamisamedjugorje2022-52-741x486-1-scaled.jpg\",\"width\":600,\"height\":394},{\"@type\":\"BreadcrumbList\",\"@id\":\"https:\\\/\\\/medjugorje-news.com\\\/medugorje-preminuo-fra-slavko-soldo-u-79-godini-i-na-godisnjicu-svoga-redenja\\\/#breadcrumb\",\"itemListElement\":[{\"@type\":\"ListItem\",\"position\":1,\"name\":\"Home\",\"item\":\"https:\\\/\\\/medjugorje-news.com\\\/\"},{\"@type\":\"ListItem\",\"position\":2,\"name\":\"ME\u0110UGORJE Preminuo fra Slavko Soldo &#8211; u 79. godini i na godi\u0161njicu svoga re\u0111enja\"}]},{\"@type\":\"WebSite\",\"@id\":\"https:\\\/\\\/medjugorje-news.com\\\/#website\",\"url\":\"https:\\\/\\\/medjugorje-news.com\\\/\",\"name\":\"Medjugorje News\",\"description\":\"Portal iz \u017eupe Me\u0111ugorje\",\"publisher\":{\"@id\":\"https:\\\/\\\/medjugorje-news.com\\\/#organization\"},\"potentialAction\":[{\"@type\":\"SearchAction\",\"target\":{\"@type\":\"EntryPoint\",\"urlTemplate\":\"https:\\\/\\\/medjugorje-news.com\\\/?s={search_term_string}\"},\"query-input\":{\"@type\":\"PropertyValueSpecification\",\"valueRequired\":true,\"valueName\":\"search_term_string\"}}],\"inLanguage\":\"en-US\"},{\"@type\":\"Organization\",\"@id\":\"https:\\\/\\\/medjugorje-news.com\\\/#organization\",\"name\":\"Medjugorje News\",\"url\":\"https:\\\/\\\/medjugorje-news.com\\\/\",\"logo\":{\"@type\":\"ImageObject\",\"inLanguage\":\"en-US\",\"@id\":\"https:\\\/\\\/medjugorje-news.com\\\/#\\\/schema\\\/logo\\\/image\\\/\",\"url\":\"https:\\\/\\\/medjugorje-news.com\\\/wp-content\\\/uploads\\\/2020\\\/07\\\/107999326_321991458828825_8590474612062969928_n.jpg\",\"contentUrl\":\"https:\\\/\\\/medjugorje-news.com\\\/wp-content\\\/uploads\\\/2020\\\/07\\\/107999326_321991458828825_8590474612062969928_n.jpg\",\"width\":280,\"height\":280,\"caption\":\"Medjugorje News\"},\"image\":{\"@id\":\"https:\\\/\\\/medjugorje-news.com\\\/#\\\/schema\\\/logo\\\/image\\\/\"},\"sameAs\":[\"https:\\\/\\\/www.facebook.com\\\/medjugorjevijesti\",\"https:\\\/\\\/www.youtube.com\\\/channel\\\/UCkkJYsL3Tk48DBarV9Bn87A?view_as=subscriber\"]},{\"@type\":\"Person\",\"@id\":\"https:\\\/\\\/medjugorje-news.com\\\/#\\\/schema\\\/person\\\/ccbe73f4509f0de208fd9d31b1941e7b\",\"name\":\"Medjugorje News\",\"image\":{\"@type\":\"ImageObject\",\"inLanguage\":\"en-US\",\"@id\":\"https:\\\/\\\/secure.gravatar.com\\\/avatar\\\/b1403c40e9dda44211ef4958364069dd22b7f2fc30ca31934d64014d85b01ac0?s=96&d=mm&r=g\",\"url\":\"https:\\\/\\\/secure.gravatar.com\\\/avatar\\\/b1403c40e9dda44211ef4958364069dd22b7f2fc30ca31934d64014d85b01ac0?s=96&d=mm&r=g\",\"contentUrl\":\"https:\\\/\\\/secure.gravatar.com\\\/avatar\\\/b1403c40e9dda44211ef4958364069dd22b7f2fc30ca31934d64014d85b01ac0?s=96&d=mm&r=g\",\"caption\":\"Medjugorje News\"},\"sameAs\":[\"https:\\\/\\\/medjugorje-news.com\"],\"url\":\"https:\\\/\\\/medjugorje-news.com\\\/en\\\/author\\\/petar\\\/\"}]}<\/script>\n<!-- \/ Yoast SEO plugin. -->","yoast_head_json":{"title":"ME\u0110UGORJE Preminuo fra Slavko Soldo - u 79. godini i na godi\u0161njicu svoga re\u0111enja","description":"umro je sve\u0107enik Hercegova\u010dke franjeva\u010dke provincije fra Slavko Soldo, u 79. godini \u017eivota, 58. godini redovni\u0161tva i 53. godini sve\u0107eni\u0161tva.","robots":{"index":"index","follow":"follow","max-snippet":"max-snippet:-1","max-image-preview":"max-image-preview:large","max-video-preview":"max-video-preview:-1"},"canonical":"https:\/\/medjugorje-news.com\/en\/medugorje-preminuo-fra-slavko-soldo-u-79-godini-i-na-godisnjicu-svoga-redenja\/","og_locale":"en_US","og_type":"article","og_title":"ME\u0110UGORJE Preminuo fra Slavko Soldo - u 79. godini i na godi\u0161njicu svoga re\u0111enja","og_description":"umro je sve\u0107enik Hercegova\u010dke franjeva\u010dke provincije fra Slavko Soldo, u 79. godini \u017eivota, 58. godini redovni\u0161tva i 53. godini sve\u0107eni\u0161tva.","og_url":"https:\/\/medjugorje-news.com\/en\/medugorje-preminuo-fra-slavko-soldo-u-79-godini-i-na-godisnjicu-svoga-redenja\/","og_site_name":"Medjugorje News","article_publisher":"https:\/\/www.facebook.com\/medjugorjevijesti","article_published_time":"2025-06-29T13:28:28+00:00","article_modified_time":"2025-06-29T13:28:37+00:00","og_image":[{"width":600,"height":394,"url":"https:\/\/medjugorje-news.com\/wp-content\/uploads\/2025\/06\/zlatnamisamedjugorje2022-52-741x486-1-scaled.jpg","type":"image\/jpeg"}],"author":"Medjugorje News","twitter_card":"summary_large_image","twitter_misc":{"Written by":"Medjugorje News","Est. reading time":"2 minutes"},"schema":{"@context":"https:\/\/schema.org","@graph":[{"@type":"Article","@id":"https:\/\/medjugorje-news.com\/medugorje-preminuo-fra-slavko-soldo-u-79-godini-i-na-godisnjicu-svoga-redenja\/#article","isPartOf":{"@id":"https:\/\/medjugorje-news.com\/medugorje-preminuo-fra-slavko-soldo-u-79-godini-i-na-godisnjicu-svoga-redenja\/"},"author":{"name":"Medjugorje News","@id":"https:\/\/medjugorje-news.com\/#\/schema\/person\/ccbe73f4509f0de208fd9d31b1941e7b"},"headline":"ME\u0110UGORJE Preminuo fra Slavko Soldo &#8211; u 79. godini i na godi\u0161njicu svoga re\u0111enja","datePublished":"2025-06-29T13:28:28+00:00","dateModified":"2025-06-29T13:28:37+00:00","mainEntityOfPage":{"@id":"https:\/\/medjugorje-news.com\/medugorje-preminuo-fra-slavko-soldo-u-79-godini-i-na-godisnjicu-svoga-redenja\/"},"wordCount":353,"commentCount":0,"publisher":{"@id":"https:\/\/medjugorje-news.com\/#organization"},"image":{"@id":"https:\/\/medjugorje-news.com\/medugorje-preminuo-fra-slavko-soldo-u-79-godini-i-na-godisnjicu-svoga-redenja\/#primaryimage"},"thumbnailUrl":"https:\/\/medjugorje-news.com\/wp-content\/uploads\/2025\/06\/zlatnamisamedjugorje2022-52-741x486-1-scaled.jpg","articleSection":["CRKVA","ME\u0110UGORJE"],"inLanguage":"en-US","potentialAction":[{"@type":"CommentAction","name":"Comment","target":["https:\/\/medjugorje-news.com\/medugorje-preminuo-fra-slavko-soldo-u-79-godini-i-na-godisnjicu-svoga-redenja\/#respond"]}]},{"@type":"WebPage","@id":"https:\/\/medjugorje-news.com\/medugorje-preminuo-fra-slavko-soldo-u-79-godini-i-na-godisnjicu-svoga-redenja\/","url":"https:\/\/medjugorje-news.com\/medugorje-preminuo-fra-slavko-soldo-u-79-godini-i-na-godisnjicu-svoga-redenja\/","name":"ME\u0110UGORJE Preminuo fra Slavko Soldo - u 79. godini i na godi\u0161njicu svoga re\u0111enja","isPartOf":{"@id":"https:\/\/medjugorje-news.com\/#website"},"primaryImageOfPage":{"@id":"https:\/\/medjugorje-news.com\/medugorje-preminuo-fra-slavko-soldo-u-79-godini-i-na-godisnjicu-svoga-redenja\/#primaryimage"},"image":{"@id":"https:\/\/medjugorje-news.com\/medugorje-preminuo-fra-slavko-soldo-u-79-godini-i-na-godisnjicu-svoga-redenja\/#primaryimage"},"thumbnailUrl":"https:\/\/medjugorje-news.com\/wp-content\/uploads\/2025\/06\/zlatnamisamedjugorje2022-52-741x486-1-scaled.jpg","datePublished":"2025-06-29T13:28:28+00:00","dateModified":"2025-06-29T13:28:37+00:00","description":"umro je sve\u0107enik Hercegova\u010dke franjeva\u010dke provincije fra Slavko Soldo, u 79. godini \u017eivota, 58. godini redovni\u0161tva i 53. godini sve\u0107eni\u0161tva.","breadcrumb":{"@id":"https:\/\/medjugorje-news.com\/medugorje-preminuo-fra-slavko-soldo-u-79-godini-i-na-godisnjicu-svoga-redenja\/#breadcrumb"},"inLanguage":"en-US","potentialAction":[{"@type":"ReadAction","target":["https:\/\/medjugorje-news.com\/medugorje-preminuo-fra-slavko-soldo-u-79-godini-i-na-godisnjicu-svoga-redenja\/"]}]},{"@type":"ImageObject","inLanguage":"en-US","@id":"https:\/\/medjugorje-news.com\/medugorje-preminuo-fra-slavko-soldo-u-79-godini-i-na-godisnjicu-svoga-redenja\/#primaryimage","url":"https:\/\/medjugorje-news.com\/wp-content\/uploads\/2025\/06\/zlatnamisamedjugorje2022-52-741x486-1-scaled.jpg","contentUrl":"https:\/\/medjugorje-news.com\/wp-content\/uploads\/2025\/06\/zlatnamisamedjugorje2022-52-741x486-1-scaled.jpg","width":600,"height":394},{"@type":"BreadcrumbList","@id":"https:\/\/medjugorje-news.com\/medugorje-preminuo-fra-slavko-soldo-u-79-godini-i-na-godisnjicu-svoga-redenja\/#breadcrumb","itemListElement":[{"@type":"ListItem","position":1,"name":"Home","item":"https:\/\/medjugorje-news.com\/"},{"@type":"ListItem","position":2,"name":"ME\u0110UGORJE Preminuo fra Slavko Soldo &#8211; u 79. godini i na godi\u0161njicu svoga re\u0111enja"}]},{"@type":"WebSite","@id":"https:\/\/medjugorje-news.com\/#website","url":"https:\/\/medjugorje-news.com\/","name":"Medjugorje News","description":"Portal iz \u017eupe Me\u0111ugorje","publisher":{"@id":"https:\/\/medjugorje-news.com\/#organization"},"potentialAction":[{"@type":"SearchAction","target":{"@type":"EntryPoint","urlTemplate":"https:\/\/medjugorje-news.com\/?s={search_term_string}"},"query-input":{"@type":"PropertyValueSpecification","valueRequired":true,"valueName":"search_term_string"}}],"inLanguage":"en-US"},{"@type":"Organization","@id":"https:\/\/medjugorje-news.com\/#organization","name":"Medjugorje News","url":"https:\/\/medjugorje-news.com\/","logo":{"@type":"ImageObject","inLanguage":"en-US","@id":"https:\/\/medjugorje-news.com\/#\/schema\/logo\/image\/","url":"https:\/\/medjugorje-news.com\/wp-content\/uploads\/2020\/07\/107999326_321991458828825_8590474612062969928_n.jpg","contentUrl":"https:\/\/medjugorje-news.com\/wp-content\/uploads\/2020\/07\/107999326_321991458828825_8590474612062969928_n.jpg","width":280,"height":280,"caption":"Medjugorje News"},"image":{"@id":"https:\/\/medjugorje-news.com\/#\/schema\/logo\/image\/"},"sameAs":["https:\/\/www.facebook.com\/medjugorjevijesti","https:\/\/www.youtube.com\/channel\/UCkkJYsL3Tk48DBarV9Bn87A?view_as=subscriber"]},{"@type":"Person","@id":"https:\/\/medjugorje-news.com\/#\/schema\/person\/ccbe73f4509f0de208fd9d31b1941e7b","name":"Medjugorje News","image":{"@type":"ImageObject","inLanguage":"en-US","@id":"https:\/\/secure.gravatar.com\/avatar\/b1403c40e9dda44211ef4958364069dd22b7f2fc30ca31934d64014d85b01ac0?s=96&d=mm&r=g","url":"https:\/\/secure.gravatar.com\/avatar\/b1403c40e9dda44211ef4958364069dd22b7f2fc30ca31934d64014d85b01ac0?s=96&d=mm&r=g","contentUrl":"https:\/\/secure.gravatar.com\/avatar\/b1403c40e9dda44211ef4958364069dd22b7f2fc30ca31934d64014d85b01ac0?s=96&d=mm&r=g","caption":"Medjugorje News"},"sameAs":["https:\/\/medjugorje-news.com"],"url":"https:\/\/medjugorje-news.com\/en\/author\/petar\/"}]}},"_links":{"self":[{"href":"https:\/\/medjugorje-news.com\/en\/wp-json\/wp\/v2\/posts\/37477","targetHints":{"allow":["GET"]}}],"collection":[{"href":"https:\/\/medjugorje-news.com\/en\/wp-json\/wp\/v2\/posts"}],"about":[{"href":"https:\/\/medjugorje-news.com\/en\/wp-json\/wp\/v2\/types\/post"}],"author":[{"embeddable":true,"href":"https:\/\/medjugorje-news.com\/en\/wp-json\/wp\/v2\/users\/1"}],"replies":[{"embeddable":true,"href":"https:\/\/medjugorje-news.com\/en\/wp-json\/wp\/v2\/comments?post=37477"}],"version-history":[{"count":0,"href":"https:\/\/medjugorje-news.com\/en\/wp-json\/wp\/v2\/posts\/37477\/revisions"}],"wp:featuredmedia":[{"embeddable":true,"href":"https:\/\/medjugorje-news.com\/en\/wp-json\/wp\/v2\/media\/37478"}],"wp:attachment":[{"href":"https:\/\/medjugorje-news.com\/en\/wp-json\/wp\/v2\/media?parent=37477"}],"wp:term":[{"taxonomy":"category","embeddable":true,"href":"https:\/\/medjugorje-news.com\/en\/wp-json\/wp\/v2\/categories?post=37477"},{"taxonomy":"post_tag","embeddable":true,"href":"https:\/\/medjugorje-news.com\/en\/wp-json\/wp\/v2\/tags?post=37477"}],"curies":[{"name":"wp","href":"https:\/\/api.w.org\/{rel}","templated":true}]}}